{"id":12519,"date":"2019-04-19T10:32:53","date_gmt":"2019-04-19T10:32:53","guid":{"rendered":"http:\/\/blogdorogeriogomes.com.br\/?p=12519"},"modified":"2019-04-19T10:32:53","modified_gmt":"2019-04-19T10:32:53","slug":"jair-bolsonaro-manda-demitir-secretario-especial-do-esporte","status":"publish","type":"post","link":"https:\/\/blogdorogeriogomes.com.br\/noticias\/2019\/04\/jair-bolsonaro-manda-demitir-secretario-especial-do-esporte\/","title":{"rendered":"Jair Bolsonaro manda demitir secret\u00e1rio especial do Esporte"},"content":{"rendered":"<p><img loading=\"lazy\" decoding=\"async\" class=\"alignnone size-medium wp-image-12520\" src=\"http:\/\/blogdorogeriogomes.com.br\/wp-content\/uploads\/2019\/04\/IMG_20190419_072937_056-300x266.jpg\" alt=\"IMG_20190419_072937_056\" width=\"300\" height=\"266\" srcset=\"https:\/\/blogdorogeriogomes.com.br\/noticias\/wp-content\/uploads\/2019\/04\/IMG_20190419_072937_056-300x266.jpg 300w, https:\/\/blogdorogeriogomes.com.br\/noticias\/wp-content\/uploads\/2019\/04\/IMG_20190419_072937_056.jpg 571w\" sizes=\"auto, (max-width: 300px) 100vw, 300px\" \/><\/p>\n<p>A fus\u00e3o de alguns minist\u00e9rios no Governo Bolsonaro tem causado desentendimento entre alguns membros de pastas diferentes. E um desses casos j\u00e1 resultou em demiss\u00e3o. Atendendo \u00e0s ordens do presidente Jair Bolsonaro, o ministro da Cidadania, Osmar Terra, demitiu o secret\u00e1rio especial do Esporte, Marco Aur\u00e9lio Costa Vieira. Para substitu\u00ed-lo, foi escalado o general D\u00e9cio dos Santos Brasil.<br \/>\nO vice-presidente Hamilton Mour\u00e3o, apontado como seu \u201cpadrinho\u201d, at\u00e9 tentou mant\u00ea-lo no cargo, mas n\u00e3o obteve \u00eaxito. O motivo da demiss\u00e3o foi a tentativa de Marco Aur\u00e9lio em retomar o Minist\u00e9rio do Esporte, o que gerou desentendimento com o ministro Osmar Terra. A indica\u00e7\u00e3o do novo secret\u00e1rio passou pelo ministro da Defesa, Fernando Azevedo e Silva, e pelo chefe do Gabinete de Seguran\u00e7a Institucional (GSI), Augusto Heleno, at\u00e9 ser chancelado pelo pr\u00f3prio presidente.<\/p>\n","protected":false},"excerpt":{"rendered":"<p>A fus\u00e3o de alguns minist\u00e9rios no Governo Bolsonaro tem causado desentendimento entre alguns membros de pastas diferentes. E um desses casos j\u00e1 resultou em demiss\u00e3o. Atendendo \u00e0s ordens do presidente Jair Bolsonaro, o ministro da Cidadania, Osmar Terra, demitiu o secret\u00e1rio especial do Esporte, Marco Aur\u00e9lio Costa Vieira. Para substitu\u00ed-lo, foi escalado o general D\u00e9cio dos Santos Brasil. O vice-presidente Hamilton Mour\u00e3o, apontado como seu \u201cpadrinho\u201d, at\u00e9 tentou mant\u00ea-lo no cargo, mas n\u00e3o obteve \u00eaxito. O motivo da demiss\u00e3o&hellip;<\/p>\n","protected":false},"author":1,"featured_media":0,"comment_status":"open","ping_status":"open","sticky":false,"template":"","format":"standard","meta":{"footnotes":""},"categories":[1],"tags":[],"class_list":["post-12519","post","type-post","status-publish","format-standard","hentry","category-noticias"],"_links":{"self":[{"href":"https:\/\/blogdorogeriogomes.com.br\/noticias\/wp-json\/wp\/v2\/posts\/12519","targetHints":{"allow":["GET"]}}],"collection":[{"href":"https:\/\/blogdorogeriogomes.com.br\/noticias\/wp-json\/wp\/v2\/posts"}],"about":[{"href":"https:\/\/blogdorogeriogomes.com.br\/noticias\/wp-json\/wp\/v2\/types\/post"}],"author":[{"embeddable":true,"href":"https:\/\/blogdorogeriogomes.com.br\/noticias\/wp-json\/wp\/v2\/users\/1"}],"replies":[{"embeddable":true,"href":"https:\/\/blogdorogeriogomes.com.br\/noticias\/wp-json\/wp\/v2\/comments?post=12519"}],"version-history":[{"count":1,"href":"https:\/\/blogdorogeriogomes.com.br\/noticias\/wp-json\/wp\/v2\/posts\/12519\/revisions"}],"predecessor-version":[{"id":12521,"href":"https:\/\/blogdorogeriogomes.com.br\/noticias\/wp-json\/wp\/v2\/posts\/12519\/revisions\/12521"}],"wp:attachment":[{"href":"https:\/\/blogdorogeriogomes.com.br\/noticias\/wp-json\/wp\/v2\/media?parent=12519"}],"wp:term":[{"taxonomy":"category","embeddable":true,"href":"https:\/\/blogdorogeriogomes.com.br\/noticias\/wp-json\/wp\/v2\/categories?post=12519"},{"taxonomy":"post_tag","embeddable":true,"href":"https:\/\/blogdorogeriogomes.com.br\/noticias\/wp-json\/wp\/v2\/tags?post=12519"}],"curies":[{"name":"wp","href":"https:\/\/api.w.org\/{rel}","templated":true}]}}