{"id":12522,"date":"2019-04-19T10:44:57","date_gmt":"2019-04-19T10:44:57","guid":{"rendered":"http:\/\/blogdorogeriogomes.com.br\/?p=12522"},"modified":"2019-04-19T10:44:57","modified_gmt":"2019-04-19T10:44:57","slug":"liderancas-de-caminhoneiros-ja-ameacam-antecipar-paralisacao-para-o-fim-de-abril","status":"publish","type":"post","link":"https:\/\/blogdorogeriogomes.com.br\/noticias\/2019\/04\/liderancas-de-caminhoneiros-ja-ameacam-antecipar-paralisacao-para-o-fim-de-abril\/","title":{"rendered":"Lideran\u00e7as de caminhoneiros j\u00e1 amea\u00e7am antecipar paralisa\u00e7\u00e3o para o fim de abril"},"content":{"rendered":"<p><img loading=\"lazy\" decoding=\"async\" class=\"alignnone size-medium wp-image-12523\" src=\"http:\/\/blogdorogeriogomes.com.br\/wp-content\/uploads\/2019\/04\/IMG_20190419_074124_051-300x300.jpg\" alt=\"IMG_20190419_074124_051\" width=\"300\" height=\"300\" srcset=\"https:\/\/blogdorogeriogomes.com.br\/noticias\/wp-content\/uploads\/2019\/04\/IMG_20190419_074124_051-300x300.jpg 300w, https:\/\/blogdorogeriogomes.com.br\/noticias\/wp-content\/uploads\/2019\/04\/IMG_20190419_074124_051-150x150.jpg 150w, https:\/\/blogdorogeriogomes.com.br\/noticias\/wp-content\/uploads\/2019\/04\/IMG_20190419_074124_051.jpg 739w\" sizes=\"auto, (max-width: 300px) 100vw, 300px\" \/><\/p>\n<p>O reajuste no pre\u00e7o do \u00f3leo diesel, autorizado pela Petrobras, provocou rea\u00e7\u00e3o imediata da de lideran\u00e7a dos caminhoneiros que, agora, querem antecipar o movimento de paralisa\u00e7\u00e3o das atividades no Pa\u00eds. A categoria j\u00e1 pode iniciar manifesta\u00e7\u00f5es de greve a partir de meia-noite do pr\u00f3ximo dia 29 de abril. Os caminhoneiros amea\u00e7aram o Governo de que n\u00e3o iriam aceitar qualquer novo aumento no diesel.<br \/>\nA paralisa\u00e7\u00e3o estava prevista apenas para o dia 21 de maio, mas foi antecipada por conta do novo aumento do diesel, de R$ 0,10 por litro. Anunciado pela Petrobras na quarta-feira, dia 17, o reajuste implica em varia\u00e7\u00e3o m\u00ednima de 4,518% e m\u00e1xima de 5,147% nos 35 pontos de venda do Pa\u00eds.<br \/>\nA preocupa\u00e7\u00e3o agora \u00e9 quanto a mobiliza\u00e7\u00e3o da categoria e que efeitos as manifesta\u00e7\u00f5es podem provocar na economia nacional, j\u00e1 em situa\u00e7\u00e3o dif\u00edcil. Bolsonaro foi um dos apoiadores da paralisa\u00e7\u00e3o dos caminhoneiros no ano passado durante o governo de Michel Temer, quando ainda era apenas deputado federal. Resta saber como ser\u00e1 a postura do presidente agora diante do novo movimento.<\/p>\n","protected":false},"excerpt":{"rendered":"<p>O reajuste no pre\u00e7o do \u00f3leo diesel, autorizado pela Petrobras, provocou rea\u00e7\u00e3o imediata da de lideran\u00e7a dos caminhoneiros que, agora, querem antecipar o movimento de paralisa\u00e7\u00e3o das atividades no Pa\u00eds. A categoria j\u00e1 pode iniciar manifesta\u00e7\u00f5es de greve a partir de meia-noite do pr\u00f3ximo dia 29 de abril. Os caminhoneiros amea\u00e7aram o Governo de que n\u00e3o iriam aceitar qualquer novo aumento no diesel. A paralisa\u00e7\u00e3o estava prevista apenas para o dia 21 de maio, mas foi antecipada por conta&hellip;<\/p>\n","protected":false},"author":1,"featured_media":0,"comment_status":"open","ping_status":"open","sticky":false,"template":"","format":"standard","meta":{"footnotes":""},"categories":[1],"tags":[],"class_list":["post-12522","post","type-post","status-publish","format-standard","hentry","category-noticias"],"_links":{"self":[{"href":"https:\/\/blogdorogeriogomes.com.br\/noticias\/wp-json\/wp\/v2\/posts\/12522","targetHints":{"allow":["GET"]}}],"collection":[{"href":"https:\/\/blogdorogeriogomes.com.br\/noticias\/wp-json\/wp\/v2\/posts"}],"about":[{"href":"https:\/\/blogdorogeriogomes.com.br\/noticias\/wp-json\/wp\/v2\/types\/post"}],"author":[{"embeddable":true,"href":"https:\/\/blogdorogeriogomes.com.br\/noticias\/wp-json\/wp\/v2\/users\/1"}],"replies":[{"embeddable":true,"href":"https:\/\/blogdorogeriogomes.com.br\/noticias\/wp-json\/wp\/v2\/comments?post=12522"}],"version-history":[{"count":1,"href":"https:\/\/blogdorogeriogomes.com.br\/noticias\/wp-json\/wp\/v2\/posts\/12522\/revisions"}],"predecessor-version":[{"id":12524,"href":"https:\/\/blogdorogeriogomes.com.br\/noticias\/wp-json\/wp\/v2\/posts\/12522\/revisions\/12524"}],"wp:attachment":[{"href":"https:\/\/blogdorogeriogomes.com.br\/noticias\/wp-json\/wp\/v2\/media?parent=12522"}],"wp:term":[{"taxonomy":"category","embeddable":true,"href":"https:\/\/blogdorogeriogomes.com.br\/noticias\/wp-json\/wp\/v2\/categories?post=12522"},{"taxonomy":"post_tag","embeddable":true,"href":"https:\/\/blogdorogeriogomes.com.br\/noticias\/wp-json\/wp\/v2\/tags?post=12522"}],"curies":[{"name":"wp","href":"https:\/\/api.w.org\/{rel}","templated":true}]}}