{"id":12525,"date":"2019-04-20T12:42:29","date_gmt":"2019-04-20T12:42:29","guid":{"rendered":"http:\/\/blogdorogeriogomes.com.br\/?p=12525"},"modified":"2019-04-20T12:42:29","modified_gmt":"2019-04-20T12:42:29","slug":"obras-do-minha-casa-minha-vida-estao-ameacadas-porque-governo-federal-nao-libera-recursos","status":"publish","type":"post","link":"https:\/\/blogdorogeriogomes.com.br\/noticias\/2019\/04\/obras-do-minha-casa-minha-vida-estao-ameacadas-porque-governo-federal-nao-libera-recursos\/","title":{"rendered":"Obras do Minha Casa, Minha Vida est\u00e3o amea\u00e7adas porque Governo Federal n\u00e3o libera recursos"},"content":{"rendered":"<p><img loading=\"lazy\" decoding=\"async\" class=\"alignnone size-medium wp-image-12526\" src=\"http:\/\/blogdorogeriogomes.com.br\/wp-content\/uploads\/2019\/04\/IMG_20190420_093726_130-300x200.jpg\" alt=\"IMG_20190420_093726_130\" width=\"300\" height=\"200\" srcset=\"https:\/\/blogdorogeriogomes.com.br\/noticias\/wp-content\/uploads\/2019\/04\/IMG_20190420_093726_130-300x200.jpg 300w, https:\/\/blogdorogeriogomes.com.br\/noticias\/wp-content\/uploads\/2019\/04\/IMG_20190420_093726_130.jpg 640w\" sizes=\"auto, (max-width: 300px) 100vw, 300px\" \/><\/p>\n<p>A situa\u00e7\u00e3o \u00e9 de desespero entre as construtoras do Pa\u00eds que t\u00eam obras do Programa Minha Casa, Minha Vida. Representantes do setor da constru\u00e7\u00e3o civil estiveram esta semana em Bras\u00edlia para cobrar que o Governo Federal libere recursos para o pagamento das obras, que s\u00e3o de responsabilidade da Uni\u00e3o. O atraso em alguns casos j\u00e1 supera os 60 dias.<br \/>\nAs construtoras alertam que s\u00f3 t\u00eam recursos para compra de material e pagamento de pessoal at\u00e9 maio, quando os servi\u00e7os nos canteiros devem ser paralisados se o Governo Federal n\u00e3o pagar o que deve.<br \/>\nAl\u00e9m de im\u00f3veis para a popula\u00e7\u00e3o mais pobre, o programa Minha Casa, Minha Vida \u00e9 um gerador de empregos. No ano passado, a renova\u00e7\u00e3o dos contratos com as construtoras proporcionou a abertura de 1.500 postos de trabalho. E se pararem os servi\u00e7os, para onde v\u00e3o esses trabalhadores?<\/p>\n","protected":false},"excerpt":{"rendered":"<p>A situa\u00e7\u00e3o \u00e9 de desespero entre as construtoras do Pa\u00eds que t\u00eam obras do Programa Minha Casa, Minha Vida. Representantes do setor da constru\u00e7\u00e3o civil estiveram esta semana em Bras\u00edlia para cobrar que o Governo Federal libere recursos para o pagamento das obras, que s\u00e3o de responsabilidade da Uni\u00e3o. O atraso em alguns casos j\u00e1 supera os 60 dias. As construtoras alertam que s\u00f3 t\u00eam recursos para compra de material e pagamento de pessoal at\u00e9 maio, quando os servi\u00e7os&hellip;<\/p>\n","protected":false},"author":1,"featured_media":0,"comment_status":"open","ping_status":"open","sticky":false,"template":"","format":"standard","meta":{"footnotes":""},"categories":[1],"tags":[],"class_list":["post-12525","post","type-post","status-publish","format-standard","hentry","category-noticias"],"_links":{"self":[{"href":"https:\/\/blogdorogeriogomes.com.br\/noticias\/wp-json\/wp\/v2\/posts\/12525","targetHints":{"allow":["GET"]}}],"collection":[{"href":"https:\/\/blogdorogeriogomes.com.br\/noticias\/wp-json\/wp\/v2\/posts"}],"about":[{"href":"https:\/\/blogdorogeriogomes.com.br\/noticias\/wp-json\/wp\/v2\/types\/post"}],"author":[{"embeddable":true,"href":"https:\/\/blogdorogeriogomes.com.br\/noticias\/wp-json\/wp\/v2\/users\/1"}],"replies":[{"embeddable":true,"href":"https:\/\/blogdorogeriogomes.com.br\/noticias\/wp-json\/wp\/v2\/comments?post=12525"}],"version-history":[{"count":1,"href":"https:\/\/blogdorogeriogomes.com.br\/noticias\/wp-json\/wp\/v2\/posts\/12525\/revisions"}],"predecessor-version":[{"id":12527,"href":"https:\/\/blogdorogeriogomes.com.br\/noticias\/wp-json\/wp\/v2\/posts\/12525\/revisions\/12527"}],"wp:attachment":[{"href":"https:\/\/blogdorogeriogomes.com.br\/noticias\/wp-json\/wp\/v2\/media?parent=12525"}],"wp:term":[{"taxonomy":"category","embeddable":true,"href":"https:\/\/blogdorogeriogomes.com.br\/noticias\/wp-json\/wp\/v2\/categories?post=12525"},{"taxonomy":"post_tag","embeddable":true,"href":"https:\/\/blogdorogeriogomes.com.br\/noticias\/wp-json\/wp\/v2\/tags?post=12525"}],"curies":[{"name":"wp","href":"https:\/\/api.w.org\/{rel}","templated":true}]}}