{"id":12528,"date":"2019-04-22T11:18:50","date_gmt":"2019-04-22T11:18:50","guid":{"rendered":"http:\/\/blogdorogeriogomes.com.br\/?p=12528"},"modified":"2019-04-22T11:18:50","modified_gmt":"2019-04-22T11:18:50","slug":"ccj-da-camara-tenta-retomar-votacao-da-reforma-da-previdencia-nesta-terca-feira","status":"publish","type":"post","link":"https:\/\/blogdorogeriogomes.com.br\/noticias\/2019\/04\/ccj-da-camara-tenta-retomar-votacao-da-reforma-da-previdencia-nesta-terca-feira\/","title":{"rendered":"CCJ da C\u00e2mara tenta retomar vota\u00e7\u00e3o da Reforma da Previd\u00eancia nesta ter\u00e7a-feira"},"content":{"rendered":"<p><img loading=\"lazy\" decoding=\"async\" class=\"alignnone size-medium wp-image-12529\" src=\"http:\/\/blogdorogeriogomes.com.br\/wp-content\/uploads\/2019\/04\/IMG_20190422_080950_020-300x196.jpg\" alt=\"IMG_20190422_080950_020\" width=\"300\" height=\"196\" srcset=\"https:\/\/blogdorogeriogomes.com.br\/noticias\/wp-content\/uploads\/2019\/04\/IMG_20190422_080950_020-300x196.jpg 300w, https:\/\/blogdorogeriogomes.com.br\/noticias\/wp-content\/uploads\/2019\/04\/IMG_20190422_080950_020.jpg 684w\" sizes=\"auto, (max-width: 300px) 100vw, 300px\" \/><\/p>\n<p>A Comiss\u00e3o de Constitui\u00e7\u00e3o e Justi\u00e7a (CCJ) da C\u00e2mara dos Deputados retomar\u00e1 nesta ter\u00e7a-feira, dia 23 de abril, a an\u00e1lise do parecer do relator da reforma da Previd\u00eancia, Delegado Marcelo Freitas (PSL-MG). Por\u00e9m, foi a decreta\u00e7\u00e3o de sigilo sobre estudos e pareceres t\u00e9cnicos que embasaram a proposta da reforma que repercutiu entre parlamentares, motivando cr\u00edticas da base aliada e da oposi\u00e7\u00e3o.<br \/>\nO Governo tentou, sem sucesso, votar a reforma na CCJ na \u00faltima quarta-feira, dia 17. Pressionado por partidos da base, o relator pode apresentar uma complementa\u00e7\u00e3o ao parecer na comiss\u00e3o.<br \/>\nO secret\u00e1rio especial de Previd\u00eancia e Trabalho do Minist\u00e9rio da Economia, Rog\u00e9rio Marinho, confirmou que o Governo aceitou negociar a reforma da Previd\u00eancia para facilitar a aprova\u00e7\u00e3o do texto na CCJ da C\u00e2mara. Ele deu a declara\u00e7\u00e3o ap\u00f3s se reunir com deputados do PP, do PRB e do PSL. Segundo Marinho, o Planalto e os l\u00edderes da base aliada pretendem fechar o acordo at\u00e9 est\u00e1 segunda-feira, dia 22, para vota\u00e7\u00e3o na ter\u00e7a, dia 23.<\/p>\n","protected":false},"excerpt":{"rendered":"<p>A Comiss\u00e3o de Constitui\u00e7\u00e3o e Justi\u00e7a (CCJ) da C\u00e2mara dos Deputados retomar\u00e1 nesta ter\u00e7a-feira, dia 23 de abril, a an\u00e1lise do parecer do relator da reforma da Previd\u00eancia, Delegado Marcelo Freitas (PSL-MG). Por\u00e9m, foi a decreta\u00e7\u00e3o de sigilo sobre estudos e pareceres t\u00e9cnicos que embasaram a proposta da reforma que repercutiu entre parlamentares, motivando cr\u00edticas da base aliada e da oposi\u00e7\u00e3o. O Governo tentou, sem sucesso, votar a reforma na CCJ na \u00faltima quarta-feira, dia 17. Pressionado por partidos&hellip;<\/p>\n","protected":false},"author":1,"featured_media":0,"comment_status":"open","ping_status":"open","sticky":false,"template":"","format":"standard","meta":{"footnotes":""},"categories":[1],"tags":[],"class_list":["post-12528","post","type-post","status-publish","format-standard","hentry","category-noticias"],"_links":{"self":[{"href":"https:\/\/blogdorogeriogomes.com.br\/noticias\/wp-json\/wp\/v2\/posts\/12528","targetHints":{"allow":["GET"]}}],"collection":[{"href":"https:\/\/blogdorogeriogomes.com.br\/noticias\/wp-json\/wp\/v2\/posts"}],"about":[{"href":"https:\/\/blogdorogeriogomes.com.br\/noticias\/wp-json\/wp\/v2\/types\/post"}],"author":[{"embeddable":true,"href":"https:\/\/blogdorogeriogomes.com.br\/noticias\/wp-json\/wp\/v2\/users\/1"}],"replies":[{"embeddable":true,"href":"https:\/\/blogdorogeriogomes.com.br\/noticias\/wp-json\/wp\/v2\/comments?post=12528"}],"version-history":[{"count":1,"href":"https:\/\/blogdorogeriogomes.com.br\/noticias\/wp-json\/wp\/v2\/posts\/12528\/revisions"}],"predecessor-version":[{"id":12530,"href":"https:\/\/blogdorogeriogomes.com.br\/noticias\/wp-json\/wp\/v2\/posts\/12528\/revisions\/12530"}],"wp:attachment":[{"href":"https:\/\/blogdorogeriogomes.com.br\/noticias\/wp-json\/wp\/v2\/media?parent=12528"}],"wp:term":[{"taxonomy":"category","embeddable":true,"href":"https:\/\/blogdorogeriogomes.com.br\/noticias\/wp-json\/wp\/v2\/categories?post=12528"},{"taxonomy":"post_tag","embeddable":true,"href":"https:\/\/blogdorogeriogomes.com.br\/noticias\/wp-json\/wp\/v2\/tags?post=12528"}],"curies":[{"name":"wp","href":"https:\/\/api.w.org\/{rel}","templated":true}]}}