{"id":12531,"date":"2019-04-22T11:49:58","date_gmt":"2019-04-22T11:49:58","guid":{"rendered":"http:\/\/blogdorogeriogomes.com.br\/?p=12531"},"modified":"2019-04-22T11:49:58","modified_gmt":"2019-04-22T11:49:58","slug":"prefeitura-da-capital-intensifica-operacao-para-recuperar-vias-prejudicadas-pelas-chuvas","status":"publish","type":"post","link":"https:\/\/blogdorogeriogomes.com.br\/noticias\/2019\/04\/prefeitura-da-capital-intensifica-operacao-para-recuperar-vias-prejudicadas-pelas-chuvas\/","title":{"rendered":"Prefeitura da Capital intensifica opera\u00e7\u00e3o para recuperar vias prejudicadas pelas chuvas"},"content":{"rendered":"<p><img loading=\"lazy\" decoding=\"async\" class=\"alignnone size-medium wp-image-12532\" src=\"http:\/\/blogdorogeriogomes.com.br\/wp-content\/uploads\/2019\/04\/IMG_20190422_084557_528-300x205.jpg\" alt=\"IMG_20190422_084557_528\" width=\"300\" height=\"205\" srcset=\"https:\/\/blogdorogeriogomes.com.br\/noticias\/wp-content\/uploads\/2019\/04\/IMG_20190422_084557_528-300x205.jpg 300w, https:\/\/blogdorogeriogomes.com.br\/noticias\/wp-content\/uploads\/2019\/04\/IMG_20190422_084557_528.jpg 663w\" sizes=\"auto, (max-width: 300px) 100vw, 300px\" \/><\/p>\n<p>O prefeito de Fortaleza, Roberto Cl\u00e1udio, iniciou nesta segunda-feira, dia 22 de abril, na Vila Pery, a fiscaliza\u00e7\u00e3o do trabalho de recupera\u00e7\u00e3o asf\u00e1ltica em ruas e avenidas da Capital, que est\u00e3o danificadas por causa das chuvas.<br \/>\nA a\u00e7\u00e3o de recuperar as vias \u00e9 coordenada pela Secretaria Municipal de Conserva\u00e7\u00e3o e Servi\u00e7os P\u00fablicos. Equipes t\u00e9cnicas percorrem os bairros da cidade para verificar pontos com necessidades de recupera\u00e7\u00e3o.<br \/>\nA meta para 2019 ser\u00e1 a recupera\u00e7\u00e3o asf\u00e1ltica de vias em uma \u00e1rea de cerca de 750.000m\u00b2 em todos os bairros. Desse total, de janeiro at\u00e9 agora, mesmo com a forte ocorr\u00eancia de chuvas do per\u00edodo, j\u00e1 foi realizada a recupera\u00e7\u00e3o asf\u00e1ltica de 170 ruas e avenidas nas sete Regionais de Fortaleza.<br \/>\nPara solicitar recupera\u00e7\u00e3o asf\u00e1ltica de vias, a orienta\u00e7\u00e3o \u00e9 que a popula\u00e7\u00e3o telefone, gratuitamente, para o n\u00famero 156 ou procure diretamente as Regionais de cada bairro.<\/p>\n","protected":false},"excerpt":{"rendered":"<p>O prefeito de Fortaleza, Roberto Cl\u00e1udio, iniciou nesta segunda-feira, dia 22 de abril, na Vila Pery, a fiscaliza\u00e7\u00e3o do trabalho de recupera\u00e7\u00e3o asf\u00e1ltica em ruas e avenidas da Capital, que est\u00e3o danificadas por causa das chuvas. A a\u00e7\u00e3o de recuperar as vias \u00e9 coordenada pela Secretaria Municipal de Conserva\u00e7\u00e3o e Servi\u00e7os P\u00fablicos. Equipes t\u00e9cnicas percorrem os bairros da cidade para verificar pontos com necessidades de recupera\u00e7\u00e3o. A meta para 2019 ser\u00e1 a recupera\u00e7\u00e3o asf\u00e1ltica de vias em uma \u00e1rea&hellip;<\/p>\n","protected":false},"author":1,"featured_media":0,"comment_status":"open","ping_status":"open","sticky":false,"template":"","format":"standard","meta":{"footnotes":""},"categories":[1],"tags":[],"class_list":["post-12531","post","type-post","status-publish","format-standard","hentry","category-noticias"],"_links":{"self":[{"href":"https:\/\/blogdorogeriogomes.com.br\/noticias\/wp-json\/wp\/v2\/posts\/12531","targetHints":{"allow":["GET"]}}],"collection":[{"href":"https:\/\/blogdorogeriogomes.com.br\/noticias\/wp-json\/wp\/v2\/posts"}],"about":[{"href":"https:\/\/blogdorogeriogomes.com.br\/noticias\/wp-json\/wp\/v2\/types\/post"}],"author":[{"embeddable":true,"href":"https:\/\/blogdorogeriogomes.com.br\/noticias\/wp-json\/wp\/v2\/users\/1"}],"replies":[{"embeddable":true,"href":"https:\/\/blogdorogeriogomes.com.br\/noticias\/wp-json\/wp\/v2\/comments?post=12531"}],"version-history":[{"count":1,"href":"https:\/\/blogdorogeriogomes.com.br\/noticias\/wp-json\/wp\/v2\/posts\/12531\/revisions"}],"predecessor-version":[{"id":12533,"href":"https:\/\/blogdorogeriogomes.com.br\/noticias\/wp-json\/wp\/v2\/posts\/12531\/revisions\/12533"}],"wp:attachment":[{"href":"https:\/\/blogdorogeriogomes.com.br\/noticias\/wp-json\/wp\/v2\/media?parent=12531"}],"wp:term":[{"taxonomy":"category","embeddable":true,"href":"https:\/\/blogdorogeriogomes.com.br\/noticias\/wp-json\/wp\/v2\/categories?post=12531"},{"taxonomy":"post_tag","embeddable":true,"href":"https:\/\/blogdorogeriogomes.com.br\/noticias\/wp-json\/wp\/v2\/tags?post=12531"}],"curies":[{"name":"wp","href":"https:\/\/api.w.org\/{rel}","templated":true}]}}