{"id":12534,"date":"2019-04-22T11:59:35","date_gmt":"2019-04-22T11:59:35","guid":{"rendered":"http:\/\/blogdorogeriogomes.com.br\/?p=12534"},"modified":"2019-04-22T11:59:35","modified_gmt":"2019-04-22T11:59:35","slug":"vacinacao-contra-a-gripe-para-outros-grupos-prioritarios-tem-inicio-nesta-segunda-no-ceara","status":"publish","type":"post","link":"https:\/\/blogdorogeriogomes.com.br\/noticias\/2019\/04\/vacinacao-contra-a-gripe-para-outros-grupos-prioritarios-tem-inicio-nesta-segunda-no-ceara\/","title":{"rendered":"Vacina\u00e7\u00e3o contra a gripe para outros grupos priorit\u00e1rios tem in\u00edcio nesta segunda no Cear\u00e1"},"content":{"rendered":"<p><img loading=\"lazy\" decoding=\"async\" class=\"alignnone size-medium wp-image-12535\" src=\"http:\/\/blogdorogeriogomes.com.br\/wp-content\/uploads\/2019\/04\/IMG_20190422_085526_830-300x216.jpg\" alt=\"IMG_20190422_085526_830\" width=\"300\" height=\"216\" srcset=\"https:\/\/blogdorogeriogomes.com.br\/noticias\/wp-content\/uploads\/2019\/04\/IMG_20190422_085526_830-300x216.jpg 300w, https:\/\/blogdorogeriogomes.com.br\/noticias\/wp-content\/uploads\/2019\/04\/IMG_20190422_085526_830.jpg 653w\" sizes=\"auto, (max-width: 300px) 100vw, 300px\" \/><\/p>\n<p>A vacina\u00e7\u00e3o contra a gripe para idosos com 60 anos ou mais, mulheres com at\u00e9 45 dias p\u00f3s-parto (pu\u00e9rperas), doentes cr\u00f4nicos, trabalhadores da sa\u00fade, popula\u00e7\u00e3o ind\u00edgena, adolescentes e jovens sob medida socioeducativa, popula\u00e7\u00e3o carcer\u00e1ria e funcion\u00e1rios do sistema prisional e professores de escolas p\u00fablicas e particulares ter\u00e1 in\u00edcio nesta segunda-feira, dia 22 de abril, em todo o Cear\u00e1.<br \/>\nA 21\u00aa Campanha de Vacina\u00e7\u00e3o Contra a Gripe come\u00e7ou no dia 10 de abril para crian\u00e7as de 6 meses at\u00e9 menores de 6 anos e gestantes. A vacina\u00e7\u00e3o segue at\u00e9 31 de maio e a meta do Cear\u00e1 \u00e9 vacinar mais de 2,5 milh\u00f5es de pessoas.<br \/>\nDurante a campanha, as crian\u00e7as e gestantes poder\u00e3o atualizar a caderneta de vacina\u00e7\u00e3o, pois todas as vacinas indicadas para esses grupos est\u00e3o dispon\u00edveis nos postos de sa\u00fade.<\/p>\n","protected":false},"excerpt":{"rendered":"<p>A vacina\u00e7\u00e3o contra a gripe para idosos com 60 anos ou mais, mulheres com at\u00e9 45 dias p\u00f3s-parto (pu\u00e9rperas), doentes cr\u00f4nicos, trabalhadores da sa\u00fade, popula\u00e7\u00e3o ind\u00edgena, adolescentes e jovens sob medida socioeducativa, popula\u00e7\u00e3o carcer\u00e1ria e funcion\u00e1rios do sistema prisional e professores de escolas p\u00fablicas e particulares ter\u00e1 in\u00edcio nesta segunda-feira, dia 22 de abril, em todo o Cear\u00e1. A 21\u00aa Campanha de Vacina\u00e7\u00e3o Contra a Gripe come\u00e7ou no dia 10 de abril para crian\u00e7as de 6 meses at\u00e9 menores&hellip;<\/p>\n","protected":false},"author":1,"featured_media":0,"comment_status":"open","ping_status":"open","sticky":false,"template":"","format":"standard","meta":{"footnotes":""},"categories":[1],"tags":[],"class_list":["post-12534","post","type-post","status-publish","format-standard","hentry","category-noticias"],"_links":{"self":[{"href":"https:\/\/blogdorogeriogomes.com.br\/noticias\/wp-json\/wp\/v2\/posts\/12534","targetHints":{"allow":["GET"]}}],"collection":[{"href":"https:\/\/blogdorogeriogomes.com.br\/noticias\/wp-json\/wp\/v2\/posts"}],"about":[{"href":"https:\/\/blogdorogeriogomes.com.br\/noticias\/wp-json\/wp\/v2\/types\/post"}],"author":[{"embeddable":true,"href":"https:\/\/blogdorogeriogomes.com.br\/noticias\/wp-json\/wp\/v2\/users\/1"}],"replies":[{"embeddable":true,"href":"https:\/\/blogdorogeriogomes.com.br\/noticias\/wp-json\/wp\/v2\/comments?post=12534"}],"version-history":[{"count":1,"href":"https:\/\/blogdorogeriogomes.com.br\/noticias\/wp-json\/wp\/v2\/posts\/12534\/revisions"}],"predecessor-version":[{"id":12536,"href":"https:\/\/blogdorogeriogomes.com.br\/noticias\/wp-json\/wp\/v2\/posts\/12534\/revisions\/12536"}],"wp:attachment":[{"href":"https:\/\/blogdorogeriogomes.com.br\/noticias\/wp-json\/wp\/v2\/media?parent=12534"}],"wp:term":[{"taxonomy":"category","embeddable":true,"href":"https:\/\/blogdorogeriogomes.com.br\/noticias\/wp-json\/wp\/v2\/categories?post=12534"},{"taxonomy":"post_tag","embeddable":true,"href":"https:\/\/blogdorogeriogomes.com.br\/noticias\/wp-json\/wp\/v2\/tags?post=12534"}],"curies":[{"name":"wp","href":"https:\/\/api.w.org\/{rel}","templated":true}]}}