{"id":12537,"date":"2019-04-22T21:59:49","date_gmt":"2019-04-22T21:59:49","guid":{"rendered":"http:\/\/blogdorogeriogomes.com.br\/?p=12537"},"modified":"2019-04-22T21:59:49","modified_gmt":"2019-04-22T21:59:49","slug":"camilo-santana-apresenta-modelo-de-seguranca-publica-em-forum-de-lisboa","status":"publish","type":"post","link":"https:\/\/blogdorogeriogomes.com.br\/noticias\/2019\/04\/camilo-santana-apresenta-modelo-de-seguranca-publica-em-forum-de-lisboa\/","title":{"rendered":"Camilo Santana apresenta modelo de seguran\u00e7a p\u00fablica em F\u00f3rum de Lisboa"},"content":{"rendered":"<p><img loading=\"lazy\" decoding=\"async\" class=\"alignnone size-medium wp-image-12538\" src=\"http:\/\/blogdorogeriogomes.com.br\/wp-content\/uploads\/2019\/04\/IMG_20190422_185628_406-300x195.jpg\" alt=\"IMG_20190422_185628_406\" width=\"300\" height=\"195\" srcset=\"https:\/\/blogdorogeriogomes.com.br\/noticias\/wp-content\/uploads\/2019\/04\/IMG_20190422_185628_406-300x195.jpg 300w, https:\/\/blogdorogeriogomes.com.br\/noticias\/wp-content\/uploads\/2019\/04\/IMG_20190422_185628_406-768x498.jpg 768w, https:\/\/blogdorogeriogomes.com.br\/noticias\/wp-content\/uploads\/2019\/04\/IMG_20190422_185628_406-1024x664.jpg 1024w, https:\/\/blogdorogeriogomes.com.br\/noticias\/wp-content\/uploads\/2019\/04\/IMG_20190422_185628_406.jpg 1041w\" sizes=\"auto, (max-width: 300px) 100vw, 300px\" \/><\/p>\n<p>Em viagem a Portugal, o governador Camilo Santana apresentou o planejamento feito pelo Cear\u00e1 nos \u00faltimos anos para enfrentar os problemas da viol\u00eancia, durante o VII F\u00f3rum Jur\u00eddico de Lisboa, nesta segunda-feira, dia 22 de abril. O evento acontece na Faculdade de Direito da Universidade de Lisboa e traz como tem\u00e1tica \u201cJusti\u00e7a e Seguran\u00e7a\u201d.<br \/>\nEm rela\u00e7\u00e3o aos investimentos feitos pelo Governo no setor de seguran\u00e7a p\u00fablica, nos \u00faltimos quatro anos, Camilo Santana destacou o fortalecimento das pol\u00edcias e das demais institui\u00e7\u00f5es que comp\u00f5em as for\u00e7as de seguran\u00e7a do Estado. \u201cO Cear\u00e1 contratou mais de 10 mil profissionais de seguran\u00e7a nos \u00faltimos quatro anos. Investimos na pol\u00edcia judici\u00e1ria. Temos um programa de metas, com premia\u00e7\u00e3o, no qual destinamos R$ 120 milh\u00f5es para toda a \u00e1rea da seguran\u00e7a p\u00fablica para atingir a meta da diminui\u00e7\u00e3o de homic\u00eddios. Compramos aeronaves, viaturas\u201d, disse.<br \/>\nSobre o sistema prisional, o governador do Cear\u00e1 destacou as interven\u00e7\u00f5es que foram feitas dentro das unidades penitenci\u00e1rias, com o aumento de 70% dos profissionais e cria\u00e7\u00e3o de mais de 3 mil vagas nas unidades carcer\u00e1rias. Vale ressaltar tamb\u00e9m o endurecimento da disciplina no sistema penitenci\u00e1rio com a nomea\u00e7\u00e3o do secret\u00e1rio Luiz Mauro Albuquerque.<\/p>\n","protected":false},"excerpt":{"rendered":"<p>Em viagem a Portugal, o governador Camilo Santana apresentou o planejamento feito pelo Cear\u00e1 nos \u00faltimos anos para enfrentar os problemas da viol\u00eancia, durante o VII F\u00f3rum Jur\u00eddico de Lisboa, nesta segunda-feira, dia 22 de abril. O evento acontece na Faculdade de Direito da Universidade de Lisboa e traz como tem\u00e1tica \u201cJusti\u00e7a e Seguran\u00e7a\u201d. Em rela\u00e7\u00e3o aos investimentos feitos pelo Governo no setor de seguran\u00e7a p\u00fablica, nos \u00faltimos quatro anos, Camilo Santana destacou o fortalecimento das pol\u00edcias e das&hellip;<\/p>\n","protected":false},"author":1,"featured_media":0,"comment_status":"open","ping_status":"open","sticky":false,"template":"","format":"standard","meta":{"footnotes":""},"categories":[1],"tags":[],"class_list":["post-12537","post","type-post","status-publish","format-standard","hentry","category-noticias"],"_links":{"self":[{"href":"https:\/\/blogdorogeriogomes.com.br\/noticias\/wp-json\/wp\/v2\/posts\/12537","targetHints":{"allow":["GET"]}}],"collection":[{"href":"https:\/\/blogdorogeriogomes.com.br\/noticias\/wp-json\/wp\/v2\/posts"}],"about":[{"href":"https:\/\/blogdorogeriogomes.com.br\/noticias\/wp-json\/wp\/v2\/types\/post"}],"author":[{"embeddable":true,"href":"https:\/\/blogdorogeriogomes.com.br\/noticias\/wp-json\/wp\/v2\/users\/1"}],"replies":[{"embeddable":true,"href":"https:\/\/blogdorogeriogomes.com.br\/noticias\/wp-json\/wp\/v2\/comments?post=12537"}],"version-history":[{"count":1,"href":"https:\/\/blogdorogeriogomes.com.br\/noticias\/wp-json\/wp\/v2\/posts\/12537\/revisions"}],"predecessor-version":[{"id":12539,"href":"https:\/\/blogdorogeriogomes.com.br\/noticias\/wp-json\/wp\/v2\/posts\/12537\/revisions\/12539"}],"wp:attachment":[{"href":"https:\/\/blogdorogeriogomes.com.br\/noticias\/wp-json\/wp\/v2\/media?parent=12537"}],"wp:term":[{"taxonomy":"category","embeddable":true,"href":"https:\/\/blogdorogeriogomes.com.br\/noticias\/wp-json\/wp\/v2\/categories?post=12537"},{"taxonomy":"post_tag","embeddable":true,"href":"https:\/\/blogdorogeriogomes.com.br\/noticias\/wp-json\/wp\/v2\/tags?post=12537"}],"curies":[{"name":"wp","href":"https:\/\/api.w.org\/{rel}","templated":true}]}}