{"id":12540,"date":"2019-04-22T22:14:24","date_gmt":"2019-04-22T22:14:24","guid":{"rendered":"http:\/\/blogdorogeriogomes.com.br\/?p=12540"},"modified":"2019-04-22T22:14:24","modified_gmt":"2019-04-22T22:14:24","slug":"rodrigo-maia-cobra-que-governo-federal-derrube-sigilo-dos-dados-da-previdencia","status":"publish","type":"post","link":"https:\/\/blogdorogeriogomes.com.br\/noticias\/2019\/04\/rodrigo-maia-cobra-que-governo-federal-derrube-sigilo-dos-dados-da-previdencia\/","title":{"rendered":"Rodrigo Maia cobra que Governo Federal derrube sigilo dos dados da Previd\u00eancia"},"content":{"rendered":"<p><img loading=\"lazy\" decoding=\"async\" class=\"alignnone size-medium wp-image-12541\" src=\"http:\/\/blogdorogeriogomes.com.br\/wp-content\/uploads\/2019\/04\/IMG_20190422_191030_652-300x208.jpg\" alt=\"IMG_20190422_191030_652\" width=\"300\" height=\"208\" srcset=\"https:\/\/blogdorogeriogomes.com.br\/noticias\/wp-content\/uploads\/2019\/04\/IMG_20190422_191030_652-300x208.jpg 300w, https:\/\/blogdorogeriogomes.com.br\/noticias\/wp-content\/uploads\/2019\/04\/IMG_20190422_191030_652-768x531.jpg 768w, https:\/\/blogdorogeriogomes.com.br\/noticias\/wp-content\/uploads\/2019\/04\/IMG_20190422_191030_652.jpg 987w\" sizes=\"auto, (max-width: 300px) 100vw, 300px\" \/><\/p>\n<p>O sigilo imposto pelo Governo Federal em rela\u00e7\u00e3o aos dados da proposta de Reforma da Previd\u00eancia causou rea\u00e7\u00e3o no Congresso Nacional. A oposi\u00e7\u00e3o na C\u00e2mara Federal quer suspender a vota\u00e7\u00e3o na CCJ at\u00e9 que seja levantado o sigilo determinado pelo governo sobre estudos que embasam a proposta.<br \/>\nO presidente da C\u00e2mara, Rodrigo Maia, entrou na discuss\u00e3o e anunciou um acordo com o secret\u00e1rio especial da Previd\u00eancia, Rog\u00e9rio Marinho, para a libera\u00e7\u00e3o de dados sigilosos da reforma ap\u00f3s a vota\u00e7\u00e3o da proposta na CCJ (Comiss\u00e3o de Constitui\u00e7\u00e3o e Justi\u00e7a).<br \/>\nDe acordo com Rodrigo Maia, as informa\u00e7\u00f5es sobre os dados ser\u00e3o liberadas na quinta-feira, dia 25 de abril. A vota\u00e7\u00e3o do relat\u00f3rio da reforma na CCJ est\u00e1 marcada para esta ter\u00e7a-feira, dia 23. Resta saber quem ganha essa queda de bra\u00e7o.<\/p>\n","protected":false},"excerpt":{"rendered":"<p>O sigilo imposto pelo Governo Federal em rela\u00e7\u00e3o aos dados da proposta de Reforma da Previd\u00eancia causou rea\u00e7\u00e3o no Congresso Nacional. A oposi\u00e7\u00e3o na C\u00e2mara Federal quer suspender a vota\u00e7\u00e3o na CCJ at\u00e9 que seja levantado o sigilo determinado pelo governo sobre estudos que embasam a proposta. O presidente da C\u00e2mara, Rodrigo Maia, entrou na discuss\u00e3o e anunciou um acordo com o secret\u00e1rio especial da Previd\u00eancia, Rog\u00e9rio Marinho, para a libera\u00e7\u00e3o de dados sigilosos da reforma ap\u00f3s a vota\u00e7\u00e3o&hellip;<\/p>\n","protected":false},"author":1,"featured_media":0,"comment_status":"open","ping_status":"open","sticky":false,"template":"","format":"standard","meta":{"footnotes":""},"categories":[1],"tags":[],"class_list":["post-12540","post","type-post","status-publish","format-standard","hentry","category-noticias"],"_links":{"self":[{"href":"https:\/\/blogdorogeriogomes.com.br\/noticias\/wp-json\/wp\/v2\/posts\/12540","targetHints":{"allow":["GET"]}}],"collection":[{"href":"https:\/\/blogdorogeriogomes.com.br\/noticias\/wp-json\/wp\/v2\/posts"}],"about":[{"href":"https:\/\/blogdorogeriogomes.com.br\/noticias\/wp-json\/wp\/v2\/types\/post"}],"author":[{"embeddable":true,"href":"https:\/\/blogdorogeriogomes.com.br\/noticias\/wp-json\/wp\/v2\/users\/1"}],"replies":[{"embeddable":true,"href":"https:\/\/blogdorogeriogomes.com.br\/noticias\/wp-json\/wp\/v2\/comments?post=12540"}],"version-history":[{"count":1,"href":"https:\/\/blogdorogeriogomes.com.br\/noticias\/wp-json\/wp\/v2\/posts\/12540\/revisions"}],"predecessor-version":[{"id":12542,"href":"https:\/\/blogdorogeriogomes.com.br\/noticias\/wp-json\/wp\/v2\/posts\/12540\/revisions\/12542"}],"wp:attachment":[{"href":"https:\/\/blogdorogeriogomes.com.br\/noticias\/wp-json\/wp\/v2\/media?parent=12540"}],"wp:term":[{"taxonomy":"category","embeddable":true,"href":"https:\/\/blogdorogeriogomes.com.br\/noticias\/wp-json\/wp\/v2\/categories?post=12540"},{"taxonomy":"post_tag","embeddable":true,"href":"https:\/\/blogdorogeriogomes.com.br\/noticias\/wp-json\/wp\/v2\/tags?post=12540"}],"curies":[{"name":"wp","href":"https:\/\/api.w.org\/{rel}","templated":true}]}}