{"id":12549,"date":"2019-04-23T18:39:37","date_gmt":"2019-04-23T18:39:37","guid":{"rendered":"http:\/\/blogdorogeriogomes.com.br\/?p=12549"},"modified":"2019-04-23T18:39:37","modified_gmt":"2019-04-23T18:39:37","slug":"etufor-prorroga-o-prazo-de-validade-da-carteira-de-estudante-ate-30-de-junho","status":"publish","type":"post","link":"https:\/\/blogdorogeriogomes.com.br\/noticias\/2019\/04\/etufor-prorroga-o-prazo-de-validade-da-carteira-de-estudante-ate-30-de-junho\/","title":{"rendered":"Etufor prorroga o prazo de validade da carteira de estudante at\u00e9 30 de junho"},"content":{"rendered":"<p><img loading=\"lazy\" decoding=\"async\" class=\"alignnone size-medium wp-image-12550\" src=\"http:\/\/blogdorogeriogomes.com.br\/wp-content\/uploads\/2019\/04\/IMG_20190423_152619_162-300x201.jpg\" alt=\"IMG_20190423_152619_162\" width=\"300\" height=\"201\" srcset=\"https:\/\/blogdorogeriogomes.com.br\/noticias\/wp-content\/uploads\/2019\/04\/IMG_20190423_152619_162-300x201.jpg 300w, https:\/\/blogdorogeriogomes.com.br\/noticias\/wp-content\/uploads\/2019\/04\/IMG_20190423_152619_162.jpg 522w\" sizes=\"auto, (max-width: 300px) 100vw, 300px\" \/><\/p>\n<p>Not\u00edcia importante para o estudante de Fortaleza que faz uso do transporte p\u00fablico. A Empresa de Transporte Urbano de Fortaleza (Etufor) prorrogou a validade das carteirinhas de estudante de 2018 at\u00e9 30 de junho. A partir de 1\u00ba de julho, as novas carteiras estudantis v\u00e3o ser desbloqueadas e os cr\u00e9ditos das carteiras antigas podem ser transferidos. Para o estudante que n\u00e3o possui carteirinha do ano passado, \u00e9 poss\u00edvel antecipar a validade da carteira de 2019 indo a sede da Etufor.<br \/>\nO prazo foi prorrogado em virtude do processo licitat\u00f3rio para a gr\u00e1fica de carteiras estudantis para institui\u00e7\u00f5es p\u00fablicas.<br \/>\nAlunos de escolas e faculdades particulares podem solicitar o documento nas pr\u00f3prias institui\u00e7\u00f5es de ensino ou no portal da Prefeitura de Fortaleza. Somente os alunos novatos que nunca tiveram carteira de estudante e os alunos das universidades p\u00fablicas e IFCE devem comparecer pessoalmente para realizar a solicita\u00e7\u00e3o.<\/p>\n","protected":false},"excerpt":{"rendered":"<p>Not\u00edcia importante para o estudante de Fortaleza que faz uso do transporte p\u00fablico. A Empresa de Transporte Urbano de Fortaleza (Etufor) prorrogou a validade das carteirinhas de estudante de 2018 at\u00e9 30 de junho. A partir de 1\u00ba de julho, as novas carteiras estudantis v\u00e3o ser desbloqueadas e os cr\u00e9ditos das carteiras antigas podem ser transferidos. Para o estudante que n\u00e3o possui carteirinha do ano passado, \u00e9 poss\u00edvel antecipar a validade da carteira de 2019 indo a sede da&hellip;<\/p>\n","protected":false},"author":1,"featured_media":0,"comment_status":"open","ping_status":"open","sticky":false,"template":"","format":"standard","meta":{"footnotes":""},"categories":[1],"tags":[],"class_list":["post-12549","post","type-post","status-publish","format-standard","hentry","category-noticias"],"_links":{"self":[{"href":"https:\/\/blogdorogeriogomes.com.br\/noticias\/wp-json\/wp\/v2\/posts\/12549","targetHints":{"allow":["GET"]}}],"collection":[{"href":"https:\/\/blogdorogeriogomes.com.br\/noticias\/wp-json\/wp\/v2\/posts"}],"about":[{"href":"https:\/\/blogdorogeriogomes.com.br\/noticias\/wp-json\/wp\/v2\/types\/post"}],"author":[{"embeddable":true,"href":"https:\/\/blogdorogeriogomes.com.br\/noticias\/wp-json\/wp\/v2\/users\/1"}],"replies":[{"embeddable":true,"href":"https:\/\/blogdorogeriogomes.com.br\/noticias\/wp-json\/wp\/v2\/comments?post=12549"}],"version-history":[{"count":1,"href":"https:\/\/blogdorogeriogomes.com.br\/noticias\/wp-json\/wp\/v2\/posts\/12549\/revisions"}],"predecessor-version":[{"id":12551,"href":"https:\/\/blogdorogeriogomes.com.br\/noticias\/wp-json\/wp\/v2\/posts\/12549\/revisions\/12551"}],"wp:attachment":[{"href":"https:\/\/blogdorogeriogomes.com.br\/noticias\/wp-json\/wp\/v2\/media?parent=12549"}],"wp:term":[{"taxonomy":"category","embeddable":true,"href":"https:\/\/blogdorogeriogomes.com.br\/noticias\/wp-json\/wp\/v2\/categories?post=12549"},{"taxonomy":"post_tag","embeddable":true,"href":"https:\/\/blogdorogeriogomes.com.br\/noticias\/wp-json\/wp\/v2\/tags?post=12549"}],"curies":[{"name":"wp","href":"https:\/\/api.w.org\/{rel}","templated":true}]}}