{"id":12552,"date":"2019-04-24T00:00:07","date_gmt":"2019-04-24T00:00:07","guid":{"rendered":"http:\/\/blogdorogeriogomes.com.br\/?p=12552"},"modified":"2019-04-24T00:00:07","modified_gmt":"2019-04-24T00:00:07","slug":"procurador-da-lava-jato-vai-responder-a-processo-movido-pelo-conselho-nacional-do-mp","status":"publish","type":"post","link":"https:\/\/blogdorogeriogomes.com.br\/noticias\/2019\/04\/procurador-da-lava-jato-vai-responder-a-processo-movido-pelo-conselho-nacional-do-mp\/","title":{"rendered":"Procurador da Lava Jato vai responder a processo movido pelo Conselho Nacional do MP"},"content":{"rendered":"<p><img loading=\"lazy\" decoding=\"async\" class=\"alignnone size-medium wp-image-12553\" src=\"http:\/\/blogdorogeriogomes.com.br\/wp-content\/uploads\/2019\/04\/IMG_20190423_205327_417-300x254.jpg\" alt=\"IMG_20190423_205327_417\" width=\"300\" height=\"254\" srcset=\"https:\/\/blogdorogeriogomes.com.br\/noticias\/wp-content\/uploads\/2019\/04\/IMG_20190423_205327_417-300x254.jpg 300w, https:\/\/blogdorogeriogomes.com.br\/noticias\/wp-content\/uploads\/2019\/04\/IMG_20190423_205327_417.jpg 719w\" sizes=\"auto, (max-width: 300px) 100vw, 300px\" \/><\/p>\n<p>Por essa o procurador Deltan Dallagnol, coordenador da Lava Jato, em Curitiba, n\u00e3o esperava. O Conselho Nacional do Minist\u00e9rio P\u00fablico (CNMP) decidiu abrir um processo administrativo para apurar se o procurador cometeu viola\u00e7\u00e3o funcional e deixou de observar os deveres funcionais e de guardar o decoro ao fazer cr\u00edticas ao Supremo Tribunal Federal (STF).<br \/>\nDe acordo com o Portal G1, as cr\u00edticas foram feitas durante entrevista \u00e0 r\u00e1dio CBN no dia 15 de agosto de 2018. Dallagnol comentava sobre a decis\u00e3o da Segunda Turma do STF de transferir termos da colabora\u00e7\u00e3o premiada da Odebrecht da Justi\u00e7a Federal no Paran\u00e1 para a Justi\u00e7a Federal e eleitoral no Distrito Federal.<br \/>\nO procurador afirmou que ministros do STF agiam como &#8220;panelinha&#8221; e que a decis\u00e3o de transferir os autos de comarca passava uma &#8220;mensagem muito forte de leni\u00eancia a favor da corrup\u00e7\u00e3o.&#8221;<\/p>\n","protected":false},"excerpt":{"rendered":"<p>Por essa o procurador Deltan Dallagnol, coordenador da Lava Jato, em Curitiba, n\u00e3o esperava. O Conselho Nacional do Minist\u00e9rio P\u00fablico (CNMP) decidiu abrir um processo administrativo para apurar se o procurador cometeu viola\u00e7\u00e3o funcional e deixou de observar os deveres funcionais e de guardar o decoro ao fazer cr\u00edticas ao Supremo Tribunal Federal (STF). De acordo com o Portal G1, as cr\u00edticas foram feitas durante entrevista \u00e0 r\u00e1dio CBN no dia 15 de agosto de 2018. Dallagnol comentava sobre&hellip;<\/p>\n","protected":false},"author":1,"featured_media":0,"comment_status":"open","ping_status":"open","sticky":false,"template":"","format":"standard","meta":{"footnotes":""},"categories":[1],"tags":[],"class_list":["post-12552","post","type-post","status-publish","format-standard","hentry","category-noticias"],"_links":{"self":[{"href":"https:\/\/blogdorogeriogomes.com.br\/noticias\/wp-json\/wp\/v2\/posts\/12552","targetHints":{"allow":["GET"]}}],"collection":[{"href":"https:\/\/blogdorogeriogomes.com.br\/noticias\/wp-json\/wp\/v2\/posts"}],"about":[{"href":"https:\/\/blogdorogeriogomes.com.br\/noticias\/wp-json\/wp\/v2\/types\/post"}],"author":[{"embeddable":true,"href":"https:\/\/blogdorogeriogomes.com.br\/noticias\/wp-json\/wp\/v2\/users\/1"}],"replies":[{"embeddable":true,"href":"https:\/\/blogdorogeriogomes.com.br\/noticias\/wp-json\/wp\/v2\/comments?post=12552"}],"version-history":[{"count":1,"href":"https:\/\/blogdorogeriogomes.com.br\/noticias\/wp-json\/wp\/v2\/posts\/12552\/revisions"}],"predecessor-version":[{"id":12554,"href":"https:\/\/blogdorogeriogomes.com.br\/noticias\/wp-json\/wp\/v2\/posts\/12552\/revisions\/12554"}],"wp:attachment":[{"href":"https:\/\/blogdorogeriogomes.com.br\/noticias\/wp-json\/wp\/v2\/media?parent=12552"}],"wp:term":[{"taxonomy":"category","embeddable":true,"href":"https:\/\/blogdorogeriogomes.com.br\/noticias\/wp-json\/wp\/v2\/categories?post=12552"},{"taxonomy":"post_tag","embeddable":true,"href":"https:\/\/blogdorogeriogomes.com.br\/noticias\/wp-json\/wp\/v2\/tags?post=12552"}],"curies":[{"name":"wp","href":"https:\/\/api.w.org\/{rel}","templated":true}]}}