{"id":12558,"date":"2019-04-24T11:41:33","date_gmt":"2019-04-24T11:41:33","guid":{"rendered":"http:\/\/blogdorogeriogomes.com.br\/?p=12558"},"modified":"2019-04-24T11:41:33","modified_gmt":"2019-04-24T11:41:33","slug":"advogados-de-lula-consideram-avanco-a-reducao-da-pena-mas-recorrem-ao-stf-por-absolvicao","status":"publish","type":"post","link":"https:\/\/blogdorogeriogomes.com.br\/noticias\/2019\/04\/advogados-de-lula-consideram-avanco-a-reducao-da-pena-mas-recorrem-ao-stf-por-absolvicao\/","title":{"rendered":"Advogados de Lula consideram avan\u00e7o a redu\u00e7\u00e3o da pena, mas recorrem ao STF por absolvi\u00e7\u00e3o"},"content":{"rendered":"<p><img loading=\"lazy\" decoding=\"async\" class=\"alignnone size-medium wp-image-12559\" src=\"http:\/\/blogdorogeriogomes.com.br\/wp-content\/uploads\/2019\/04\/IMG_20190424_083900_803-300x240.jpg\" alt=\"IMG_20190424_083900_803\" width=\"300\" height=\"240\" srcset=\"https:\/\/blogdorogeriogomes.com.br\/noticias\/wp-content\/uploads\/2019\/04\/IMG_20190424_083900_803-300x240.jpg 300w, https:\/\/blogdorogeriogomes.com.br\/noticias\/wp-content\/uploads\/2019\/04\/IMG_20190424_083900_803.jpg 565w\" sizes=\"auto, (max-width: 300px) 100vw, 300px\" \/><\/p>\n<p>A defesa do ex-presidente Lula considerou um avan\u00e7o a decis\u00e3o do STJ em reduzir sua pena de 12 para 8 anos, mas o advogado Cristiano Zanin Martins afirmou que a absolvi\u00e7\u00e3o de Lula \u00e9 o &#8220;\u00fanico resultado poss\u00edvel&#8221;. O caso ainda dever\u00e1 ser analisado pelo Supremo Tribunal Federal e tamb\u00e9m pelo Comit\u00ea de Direitos Humanos da ONU (Organiza\u00e7\u00e3o das Na\u00e7\u00f5es Unidas), atrav\u00e9s de recursos impetrados pela defesa do petista.<br \/>\nJuristas avaliam que, com a redu\u00e7\u00e3o da pena decidida pelo STJ, o ex-presidente Lula poder\u00e1 deixar a pris\u00e3o em setembro deste ano, mas tamb\u00e9m precisar\u00e1 pagar R$ 3 milh\u00f5es de multa. Apoiadores de Lula devem organizar uma campanha de financiamento coletivo para que ele volte para casa. Lula est\u00e1 preso em Curitiba desde abril do ano passado, quando liderava as pesquisas da ent\u00e3o sucess\u00e3o presidencial.<br \/>\nDe acordo com a jornalista M\u00f4nica Bergamo, da Folha de S\u00e3o Paulo, se for beneficiado pela progress\u00e3o de regime, Lula poder\u00e1 ir para casa por volta do dia 29 de setembro. Mas antes tem que desembolsar o dinheiro da multa.<\/p>\n","protected":false},"excerpt":{"rendered":"<p>A defesa do ex-presidente Lula considerou um avan\u00e7o a decis\u00e3o do STJ em reduzir sua pena de 12 para 8 anos, mas o advogado Cristiano Zanin Martins afirmou que a absolvi\u00e7\u00e3o de Lula \u00e9 o &#8220;\u00fanico resultado poss\u00edvel&#8221;. O caso ainda dever\u00e1 ser analisado pelo Supremo Tribunal Federal e tamb\u00e9m pelo Comit\u00ea de Direitos Humanos da ONU (Organiza\u00e7\u00e3o das Na\u00e7\u00f5es Unidas), atrav\u00e9s de recursos impetrados pela defesa do petista. Juristas avaliam que, com a redu\u00e7\u00e3o da pena decidida pelo&hellip;<\/p>\n","protected":false},"author":1,"featured_media":0,"comment_status":"open","ping_status":"open","sticky":false,"template":"","format":"standard","meta":{"footnotes":""},"categories":[1],"tags":[],"class_list":["post-12558","post","type-post","status-publish","format-standard","hentry","category-noticias"],"_links":{"self":[{"href":"https:\/\/blogdorogeriogomes.com.br\/noticias\/wp-json\/wp\/v2\/posts\/12558","targetHints":{"allow":["GET"]}}],"collection":[{"href":"https:\/\/blogdorogeriogomes.com.br\/noticias\/wp-json\/wp\/v2\/posts"}],"about":[{"href":"https:\/\/blogdorogeriogomes.com.br\/noticias\/wp-json\/wp\/v2\/types\/post"}],"author":[{"embeddable":true,"href":"https:\/\/blogdorogeriogomes.com.br\/noticias\/wp-json\/wp\/v2\/users\/1"}],"replies":[{"embeddable":true,"href":"https:\/\/blogdorogeriogomes.com.br\/noticias\/wp-json\/wp\/v2\/comments?post=12558"}],"version-history":[{"count":1,"href":"https:\/\/blogdorogeriogomes.com.br\/noticias\/wp-json\/wp\/v2\/posts\/12558\/revisions"}],"predecessor-version":[{"id":12560,"href":"https:\/\/blogdorogeriogomes.com.br\/noticias\/wp-json\/wp\/v2\/posts\/12558\/revisions\/12560"}],"wp:attachment":[{"href":"https:\/\/blogdorogeriogomes.com.br\/noticias\/wp-json\/wp\/v2\/media?parent=12558"}],"wp:term":[{"taxonomy":"category","embeddable":true,"href":"https:\/\/blogdorogeriogomes.com.br\/noticias\/wp-json\/wp\/v2\/categories?post=12558"},{"taxonomy":"post_tag","embeddable":true,"href":"https:\/\/blogdorogeriogomes.com.br\/noticias\/wp-json\/wp\/v2\/tags?post=12558"}],"curies":[{"name":"wp","href":"https:\/\/api.w.org\/{rel}","templated":true}]}}