{"id":12567,"date":"2019-04-24T16:38:48","date_gmt":"2019-04-24T16:38:48","guid":{"rendered":"http:\/\/blogdorogeriogomes.com.br\/?p=12567"},"modified":"2019-04-24T16:38:48","modified_gmt":"2019-04-24T16:38:48","slug":"operacao-do-ministerio-publico-resulta-em-prisoes-de-gestores-publicos-em-quixada","status":"publish","type":"post","link":"https:\/\/blogdorogeriogomes.com.br\/noticias\/2019\/04\/operacao-do-ministerio-publico-resulta-em-prisoes-de-gestores-publicos-em-quixada\/","title":{"rendered":"Opera\u00e7\u00e3o do Minist\u00e9rio P\u00fablico resulta em pris\u00f5es de gestores p\u00fablicos em Quixad\u00e1"},"content":{"rendered":"<p><img loading=\"lazy\" decoding=\"async\" class=\"alignnone size-medium wp-image-12568\" src=\"http:\/\/blogdorogeriogomes.com.br\/wp-content\/uploads\/2019\/04\/IMG_20190424_133308_798-300x231.jpg\" alt=\"IMG_20190424_133308_798\" width=\"300\" height=\"231\" srcset=\"https:\/\/blogdorogeriogomes.com.br\/noticias\/wp-content\/uploads\/2019\/04\/IMG_20190424_133308_798-300x231.jpg 300w, https:\/\/blogdorogeriogomes.com.br\/noticias\/wp-content\/uploads\/2019\/04\/IMG_20190424_133308_798.jpg 507w\" sizes=\"auto, (max-width: 300px) 100vw, 300px\" \/><\/p>\n<p>O munic\u00edpio de Quixad\u00e1, no Sert\u00e3o Central do Cear\u00e1, amanheceu nesta quarta-feira, dia 24 de abril, com forte movimento de policiais civis e promotores do Minist\u00e9rio P\u00fablico, que cumpriram mandados de busca e apreens\u00e3o, de pris\u00e3o preventiva, tempor\u00e1rias e de afastamento de agentes p\u00fablicos dentro das opera\u00e7\u00f5es \u201cCasa de Palha\u201d e \u201cFiel da Balan\u00e7a\u201d. As a\u00e7\u00f5es t\u00eam o objetivo de combater crimes contra a administra\u00e7\u00e3o p\u00fablica de Quixad\u00e1.<br \/>\nO presidente da C\u00e2mara Municipal de Quixad\u00e1, Francisco Ivan Ben\u00edcio de S\u00e1, foi preso preventivamente. Tamb\u00e9m foram cumpridos mandados de pris\u00e3o tempor\u00e1ria contra Ricardo de Sousa Ara\u00fajo e Silvana Mary de Souza e Silva, s\u00f3cios da Construtora Salles e Ara\u00fajo LTDA-ME; de Felipe Brito de S\u00e1 e Jonatas Ferreira De Lima, s\u00f3cios da FJ Engenharia Assessoria e Servi\u00e7os LTDA-ME; e de Milton Xavier Dias Neto, conhecido por \u201cNeto Dias\u201d, genro do atual prefeito de Quixad\u00e1, Il\u00e1rio Marques, e diretor executivo do Cons\u00f3rcio de Sa\u00fade do munic\u00edpio.<br \/>\nO Minist\u00e9rio P\u00fablico aponta a exist\u00eancia de fraude em licita\u00e7\u00f5es, peculatos e outro il\u00edcitos ligados \u00e0 realiza\u00e7\u00e3o de obras de engenharia. Em Quixad\u00e1, Fortaleza e Capistrano, a opera\u00e7\u00e3o cumpriu mandados de busca e apreens\u00e3o. A opera\u00e7\u00e3o Fiel da Balan\u00e7a teve sua primeira fase deflagrada em agosto de 2018, com o objetivo de combater crimes de falsidade ideol\u00f3gica e de desvio de dinheiro p\u00fablico, relativos ao servi\u00e7o de coleta de res\u00edduos s\u00f3lidos em Quixad\u00e1.<\/p>\n","protected":false},"excerpt":{"rendered":"<p>O munic\u00edpio de Quixad\u00e1, no Sert\u00e3o Central do Cear\u00e1, amanheceu nesta quarta-feira, dia 24 de abril, com forte movimento de policiais civis e promotores do Minist\u00e9rio P\u00fablico, que cumpriram mandados de busca e apreens\u00e3o, de pris\u00e3o preventiva, tempor\u00e1rias e de afastamento de agentes p\u00fablicos dentro das opera\u00e7\u00f5es \u201cCasa de Palha\u201d e \u201cFiel da Balan\u00e7a\u201d. As a\u00e7\u00f5es t\u00eam o objetivo de combater crimes contra a administra\u00e7\u00e3o p\u00fablica de Quixad\u00e1. O presidente da C\u00e2mara Municipal de Quixad\u00e1, Francisco Ivan Ben\u00edcio de&hellip;<\/p>\n","protected":false},"author":1,"featured_media":0,"comment_status":"open","ping_status":"open","sticky":false,"template":"","format":"standard","meta":{"footnotes":""},"categories":[1],"tags":[],"class_list":["post-12567","post","type-post","status-publish","format-standard","hentry","category-noticias"],"_links":{"self":[{"href":"https:\/\/blogdorogeriogomes.com.br\/noticias\/wp-json\/wp\/v2\/posts\/12567","targetHints":{"allow":["GET"]}}],"collection":[{"href":"https:\/\/blogdorogeriogomes.com.br\/noticias\/wp-json\/wp\/v2\/posts"}],"about":[{"href":"https:\/\/blogdorogeriogomes.com.br\/noticias\/wp-json\/wp\/v2\/types\/post"}],"author":[{"embeddable":true,"href":"https:\/\/blogdorogeriogomes.com.br\/noticias\/wp-json\/wp\/v2\/users\/1"}],"replies":[{"embeddable":true,"href":"https:\/\/blogdorogeriogomes.com.br\/noticias\/wp-json\/wp\/v2\/comments?post=12567"}],"version-history":[{"count":1,"href":"https:\/\/blogdorogeriogomes.com.br\/noticias\/wp-json\/wp\/v2\/posts\/12567\/revisions"}],"predecessor-version":[{"id":12569,"href":"https:\/\/blogdorogeriogomes.com.br\/noticias\/wp-json\/wp\/v2\/posts\/12567\/revisions\/12569"}],"wp:attachment":[{"href":"https:\/\/blogdorogeriogomes.com.br\/noticias\/wp-json\/wp\/v2\/media?parent=12567"}],"wp:term":[{"taxonomy":"category","embeddable":true,"href":"https:\/\/blogdorogeriogomes.com.br\/noticias\/wp-json\/wp\/v2\/categories?post=12567"},{"taxonomy":"post_tag","embeddable":true,"href":"https:\/\/blogdorogeriogomes.com.br\/noticias\/wp-json\/wp\/v2\/tags?post=12567"}],"curies":[{"name":"wp","href":"https:\/\/api.w.org\/{rel}","templated":true}]}}