{"id":12570,"date":"2019-04-24T16:49:28","date_gmt":"2019-04-24T16:49:28","guid":{"rendered":"http:\/\/blogdorogeriogomes.com.br\/?p=12570"},"modified":"2019-04-24T16:49:28","modified_gmt":"2019-04-24T16:49:28","slug":"governo-do-ceara-assina-em-pequim-acordo-para-desenvolvimento-de-tecnologia-e-gestao-em-saude","status":"publish","type":"post","link":"https:\/\/blogdorogeriogomes.com.br\/noticias\/2019\/04\/governo-do-ceara-assina-em-pequim-acordo-para-desenvolvimento-de-tecnologia-e-gestao-em-saude\/","title":{"rendered":"Governo do Cear\u00e1 assina em Pequim acordo para desenvolvimento de tecnologia e gest\u00e3o em Sa\u00fade"},"content":{"rendered":"<p><img loading=\"lazy\" decoding=\"async\" class=\"alignnone size-medium wp-image-12571\" src=\"http:\/\/blogdorogeriogomes.com.br\/wp-content\/uploads\/2019\/04\/IMG_20190424_134406_324-300x247.jpg\" alt=\"IMG_20190424_134406_324\" width=\"300\" height=\"247\" srcset=\"https:\/\/blogdorogeriogomes.com.br\/noticias\/wp-content\/uploads\/2019\/04\/IMG_20190424_134406_324-300x247.jpg 300w, https:\/\/blogdorogeriogomes.com.br\/noticias\/wp-content\/uploads\/2019\/04\/IMG_20190424_134406_324-768x632.jpg 768w, https:\/\/blogdorogeriogomes.com.br\/noticias\/wp-content\/uploads\/2019\/04\/IMG_20190424_134406_324-1024x843.jpg 1024w, https:\/\/blogdorogeriogomes.com.br\/noticias\/wp-content\/uploads\/2019\/04\/IMG_20190424_134406_324.jpg 1095w\" sizes=\"auto, (max-width: 300px) 100vw, 300px\" \/><\/p>\n<p>Em miss\u00e3o internacional, desde a semana passada, o governador Camilo Santana est\u00e1 na China. Nesta quarta-feira, dia 24 de abril, ele participou de encontro em Pequim com o vice-presidente do Grupo Meheco (Medical Health Company), Wang Hongxin, onde foi assinado um acordo de parceria com o Governo do Cear\u00e1. Foram estabelecidas bases de coopera\u00e7\u00e3o para o fornecimento de equipamentos para os hospitais cearenses, instala\u00e7\u00e3o de empresas no estado e desenvolvimento de tecnologia na \u00e1rea da sa\u00fade.<br \/>\nO Grupo Meheco \u00e9 um dos maiores do mundo na \u00e1rea de tecnologia em sa\u00fade. Acompanhado do secret\u00e1rio da Sa\u00fade, Cabeto Martins Rodrigues, e do assessor especial de Assuntos Internacionais, C\u00e9sar Ribeiro, Camilo Santana apresentou a estrutura dos equipamentos de sa\u00fade do estado e como a economia do Cear\u00e1 vem avan\u00e7ando atrav\u00e9s dos hubs a\u00e9reo, mar\u00edtimo e tecnol\u00f3gico.<br \/>\nNo encontro com os chineses, tamb\u00e9m ficou definida a cria\u00e7\u00e3o de um grupo de trabalho para tocar de imediato os projetos. J\u00e1 no pr\u00f3ximo m\u00eas uma equipe da Meheco estar\u00e1 no Cear\u00e1.<\/p>\n","protected":false},"excerpt":{"rendered":"<p>Em miss\u00e3o internacional, desde a semana passada, o governador Camilo Santana est\u00e1 na China. Nesta quarta-feira, dia 24 de abril, ele participou de encontro em Pequim com o vice-presidente do Grupo Meheco (Medical Health Company), Wang Hongxin, onde foi assinado um acordo de parceria com o Governo do Cear\u00e1. Foram estabelecidas bases de coopera\u00e7\u00e3o para o fornecimento de equipamentos para os hospitais cearenses, instala\u00e7\u00e3o de empresas no estado e desenvolvimento de tecnologia na \u00e1rea da sa\u00fade. O Grupo Meheco&hellip;<\/p>\n","protected":false},"author":1,"featured_media":0,"comment_status":"open","ping_status":"open","sticky":false,"template":"","format":"standard","meta":{"footnotes":""},"categories":[1],"tags":[],"class_list":["post-12570","post","type-post","status-publish","format-standard","hentry","category-noticias"],"_links":{"self":[{"href":"https:\/\/blogdorogeriogomes.com.br\/noticias\/wp-json\/wp\/v2\/posts\/12570","targetHints":{"allow":["GET"]}}],"collection":[{"href":"https:\/\/blogdorogeriogomes.com.br\/noticias\/wp-json\/wp\/v2\/posts"}],"about":[{"href":"https:\/\/blogdorogeriogomes.com.br\/noticias\/wp-json\/wp\/v2\/types\/post"}],"author":[{"embeddable":true,"href":"https:\/\/blogdorogeriogomes.com.br\/noticias\/wp-json\/wp\/v2\/users\/1"}],"replies":[{"embeddable":true,"href":"https:\/\/blogdorogeriogomes.com.br\/noticias\/wp-json\/wp\/v2\/comments?post=12570"}],"version-history":[{"count":1,"href":"https:\/\/blogdorogeriogomes.com.br\/noticias\/wp-json\/wp\/v2\/posts\/12570\/revisions"}],"predecessor-version":[{"id":12572,"href":"https:\/\/blogdorogeriogomes.com.br\/noticias\/wp-json\/wp\/v2\/posts\/12570\/revisions\/12572"}],"wp:attachment":[{"href":"https:\/\/blogdorogeriogomes.com.br\/noticias\/wp-json\/wp\/v2\/media?parent=12570"}],"wp:term":[{"taxonomy":"category","embeddable":true,"href":"https:\/\/blogdorogeriogomes.com.br\/noticias\/wp-json\/wp\/v2\/categories?post=12570"},{"taxonomy":"post_tag","embeddable":true,"href":"https:\/\/blogdorogeriogomes.com.br\/noticias\/wp-json\/wp\/v2\/tags?post=12570"}],"curies":[{"name":"wp","href":"https:\/\/api.w.org\/{rel}","templated":true}]}}