{"id":12577,"date":"2019-04-25T09:26:25","date_gmt":"2019-04-25T09:26:25","guid":{"rendered":"http:\/\/blogdorogeriogomes.com.br\/?p=12577"},"modified":"2019-04-25T09:26:25","modified_gmt":"2019-04-25T09:26:25","slug":"ceara-perde-quase-oito-mil-postos-de-trabalho-no-primeiro-trimestre-de-2019","status":"publish","type":"post","link":"https:\/\/blogdorogeriogomes.com.br\/noticias\/2019\/04\/ceara-perde-quase-oito-mil-postos-de-trabalho-no-primeiro-trimestre-de-2019\/","title":{"rendered":"Cear\u00e1 perde quase oito mil postos de trabalho no primeiro trimestre de 2019"},"content":{"rendered":"<p><img loading=\"lazy\" decoding=\"async\" class=\"alignnone size-medium wp-image-12578\" src=\"http:\/\/blogdorogeriogomes.com.br\/wp-content\/uploads\/2019\/04\/IMG_20190425_062241_023-300x159.jpg\" alt=\"IMG_20190425_062241_023\" width=\"300\" height=\"159\" srcset=\"https:\/\/blogdorogeriogomes.com.br\/noticias\/wp-content\/uploads\/2019\/04\/IMG_20190425_062241_023-300x159.jpg 300w, https:\/\/blogdorogeriogomes.com.br\/noticias\/wp-content\/uploads\/2019\/04\/IMG_20190425_062241_023.jpg 365w\" sizes=\"auto, (max-width: 300px) 100vw, 300px\" \/><\/p>\n<p>A reforma trabalhista realizada pelo Governo Temer no ano passado prometia a abertura de milhares de postos de trabalho no Pa\u00eds. O tempo passa e o n\u00famero recorde de desempregados permanece. Ou pior, s\u00f3 aumenta. Nos tr\u00eas primeiros meses do ano, o Cear\u00e1 perdeu 7.965 postos de trabalho. O saldo \u00e9 resultado da diferen\u00e7a entre as 92.830 admiss\u00f5es frente a 100.795 demiss\u00f5es no mesmo per\u00edodo, segundo o Cadastro Geral de Empregados e Desempregados (Caged).<br \/>\nAs pol\u00eamicas em torno do Governo Bolsonaro geram ainda mais inseguran\u00e7a no setor. N\u00e3o h\u00e1 nenhuma rea\u00e7\u00e3o concreta em n\u00edvel federal para reverter o atual quadro. O detalhe \u00e9 que o com\u00e9rcio liderou o fechamento de postos de trabalho no Cear\u00e1 no primeiro trimestre deste ano. A queda na oferta de vagas vem desde dezembro do ano passado.<br \/>\nNo \u00faltimo m\u00eas de 2018, foi observada a perda de 5.481 empregos. Em janeiro, o Cear\u00e1 registrou o fechamento de 4.982 vagas. J\u00e1 em fevereiro, houve uma leve rea\u00e7\u00e3o, registrando saldo positivo que chegou a 1.865 postos de trabalho.<\/p>\n","protected":false},"excerpt":{"rendered":"<p>A reforma trabalhista realizada pelo Governo Temer no ano passado prometia a abertura de milhares de postos de trabalho no Pa\u00eds. O tempo passa e o n\u00famero recorde de desempregados permanece. Ou pior, s\u00f3 aumenta. Nos tr\u00eas primeiros meses do ano, o Cear\u00e1 perdeu 7.965 postos de trabalho. O saldo \u00e9 resultado da diferen\u00e7a entre as 92.830 admiss\u00f5es frente a 100.795 demiss\u00f5es no mesmo per\u00edodo, segundo o Cadastro Geral de Empregados e Desempregados (Caged). As pol\u00eamicas em torno do&hellip;<\/p>\n","protected":false},"author":1,"featured_media":0,"comment_status":"open","ping_status":"open","sticky":false,"template":"","format":"standard","meta":{"footnotes":""},"categories":[1],"tags":[],"class_list":["post-12577","post","type-post","status-publish","format-standard","hentry","category-noticias"],"_links":{"self":[{"href":"https:\/\/blogdorogeriogomes.com.br\/noticias\/wp-json\/wp\/v2\/posts\/12577","targetHints":{"allow":["GET"]}}],"collection":[{"href":"https:\/\/blogdorogeriogomes.com.br\/noticias\/wp-json\/wp\/v2\/posts"}],"about":[{"href":"https:\/\/blogdorogeriogomes.com.br\/noticias\/wp-json\/wp\/v2\/types\/post"}],"author":[{"embeddable":true,"href":"https:\/\/blogdorogeriogomes.com.br\/noticias\/wp-json\/wp\/v2\/users\/1"}],"replies":[{"embeddable":true,"href":"https:\/\/blogdorogeriogomes.com.br\/noticias\/wp-json\/wp\/v2\/comments?post=12577"}],"version-history":[{"count":1,"href":"https:\/\/blogdorogeriogomes.com.br\/noticias\/wp-json\/wp\/v2\/posts\/12577\/revisions"}],"predecessor-version":[{"id":12579,"href":"https:\/\/blogdorogeriogomes.com.br\/noticias\/wp-json\/wp\/v2\/posts\/12577\/revisions\/12579"}],"wp:attachment":[{"href":"https:\/\/blogdorogeriogomes.com.br\/noticias\/wp-json\/wp\/v2\/media?parent=12577"}],"wp:term":[{"taxonomy":"category","embeddable":true,"href":"https:\/\/blogdorogeriogomes.com.br\/noticias\/wp-json\/wp\/v2\/categories?post=12577"},{"taxonomy":"post_tag","embeddable":true,"href":"https:\/\/blogdorogeriogomes.com.br\/noticias\/wp-json\/wp\/v2\/tags?post=12577"}],"curies":[{"name":"wp","href":"https:\/\/api.w.org\/{rel}","templated":true}]}}