{"id":12580,"date":"2019-04-25T20:56:07","date_gmt":"2019-04-25T20:56:07","guid":{"rendered":"http:\/\/blogdorogeriogomes.com.br\/?p=12580"},"modified":"2019-04-25T20:56:07","modified_gmt":"2019-04-25T20:56:07","slug":"comissao-especial-da-reforma-da-previdencia-tera-cinco-deputados-federais-cearenses","status":"publish","type":"post","link":"https:\/\/blogdorogeriogomes.com.br\/noticias\/2019\/04\/comissao-especial-da-reforma-da-previdencia-tera-cinco-deputados-federais-cearenses\/","title":{"rendered":"Comiss\u00e3o Especial da Reforma da Previd\u00eancia ter\u00e1 cinco deputados federais cearenses"},"content":{"rendered":"<p><img loading=\"lazy\" decoding=\"async\" class=\"alignnone size-medium wp-image-12581\" src=\"http:\/\/blogdorogeriogomes.com.br\/wp-content\/uploads\/2019\/04\/IMG_20190425_175212_965-300x200.jpg\" alt=\"IMG_20190425_175212_965\" width=\"300\" height=\"200\" srcset=\"https:\/\/blogdorogeriogomes.com.br\/noticias\/wp-content\/uploads\/2019\/04\/IMG_20190425_175212_965-300x200.jpg 300w, https:\/\/blogdorogeriogomes.com.br\/noticias\/wp-content\/uploads\/2019\/04\/IMG_20190425_175212_965.jpg 677w\" sizes=\"auto, (max-width: 300px) 100vw, 300px\" \/><\/p>\n<p>O Cear\u00e1 vai ter cinco deputados federais na Comiss\u00e3o Especial da Reforma da Previd\u00eancia da C\u00e2mara Federal, em Bras\u00edlia, que foi aprovada esta semana ap\u00f3s a admissibilidade da proposta. A partir de agora come\u00e7am a ser discutidas as mudan\u00e7as no projeto de reforma original, que foi apresentado pelo Governo Federal.<br \/>\nA comiss\u00e3o tem 98 integrantes, entre titulares e suplentes. Os parlamentares cearenses, que v\u00e3o compor o grupo de trabalho, s\u00e3o Heitor Freire (PSL), Capit\u00e3o Wagner (Pros), Mauro Filho (PDT), Andr\u00e9 Figueiredo (PDT) e Jos\u00e9 Guimar\u00e3es (PT). O colegiado ter\u00e1 prazo de at\u00e9 10 sess\u00f5es para apresenta\u00e7\u00e3o de emendas.<\/p>\n","protected":false},"excerpt":{"rendered":"<p>O Cear\u00e1 vai ter cinco deputados federais na Comiss\u00e3o Especial da Reforma da Previd\u00eancia da C\u00e2mara Federal, em Bras\u00edlia, que foi aprovada esta semana ap\u00f3s a admissibilidade da proposta. A partir de agora come\u00e7am a ser discutidas as mudan\u00e7as no projeto de reforma original, que foi apresentado pelo Governo Federal. A comiss\u00e3o tem 98 integrantes, entre titulares e suplentes. Os parlamentares cearenses, que v\u00e3o compor o grupo de trabalho, s\u00e3o Heitor Freire (PSL), Capit\u00e3o Wagner (Pros), Mauro Filho (PDT),&hellip;<\/p>\n","protected":false},"author":1,"featured_media":0,"comment_status":"open","ping_status":"open","sticky":false,"template":"","format":"standard","meta":{"footnotes":""},"categories":[1],"tags":[],"class_list":["post-12580","post","type-post","status-publish","format-standard","hentry","category-noticias"],"_links":{"self":[{"href":"https:\/\/blogdorogeriogomes.com.br\/noticias\/wp-json\/wp\/v2\/posts\/12580","targetHints":{"allow":["GET"]}}],"collection":[{"href":"https:\/\/blogdorogeriogomes.com.br\/noticias\/wp-json\/wp\/v2\/posts"}],"about":[{"href":"https:\/\/blogdorogeriogomes.com.br\/noticias\/wp-json\/wp\/v2\/types\/post"}],"author":[{"embeddable":true,"href":"https:\/\/blogdorogeriogomes.com.br\/noticias\/wp-json\/wp\/v2\/users\/1"}],"replies":[{"embeddable":true,"href":"https:\/\/blogdorogeriogomes.com.br\/noticias\/wp-json\/wp\/v2\/comments?post=12580"}],"version-history":[{"count":1,"href":"https:\/\/blogdorogeriogomes.com.br\/noticias\/wp-json\/wp\/v2\/posts\/12580\/revisions"}],"predecessor-version":[{"id":12582,"href":"https:\/\/blogdorogeriogomes.com.br\/noticias\/wp-json\/wp\/v2\/posts\/12580\/revisions\/12582"}],"wp:attachment":[{"href":"https:\/\/blogdorogeriogomes.com.br\/noticias\/wp-json\/wp\/v2\/media?parent=12580"}],"wp:term":[{"taxonomy":"category","embeddable":true,"href":"https:\/\/blogdorogeriogomes.com.br\/noticias\/wp-json\/wp\/v2\/categories?post=12580"},{"taxonomy":"post_tag","embeddable":true,"href":"https:\/\/blogdorogeriogomes.com.br\/noticias\/wp-json\/wp\/v2\/tags?post=12580"}],"curies":[{"name":"wp","href":"https:\/\/api.w.org\/{rel}","templated":true}]}}