{"id":12583,"date":"2019-04-25T21:03:40","date_gmt":"2019-04-25T21:03:40","guid":{"rendered":"http:\/\/blogdorogeriogomes.com.br\/?p=12583"},"modified":"2019-04-25T21:03:40","modified_gmt":"2019-04-25T21:03:40","slug":"stf-garante-realizacao-de-entrevista-exclusiva-com-lula-para-el-pais-e-folha-de-sao-paulo","status":"publish","type":"post","link":"https:\/\/blogdorogeriogomes.com.br\/noticias\/2019\/04\/stf-garante-realizacao-de-entrevista-exclusiva-com-lula-para-el-pais-e-folha-de-sao-paulo\/","title":{"rendered":"STF garante realiza\u00e7\u00e3o de entrevista &#8220;exclusiva&#8221; com Lula para El Pa\u00eds e Folha de S\u00e3o Paulo"},"content":{"rendered":"<p><img loading=\"lazy\" decoding=\"async\" class=\"alignnone size-medium wp-image-12584\" src=\"http:\/\/blogdorogeriogomes.com.br\/wp-content\/uploads\/2019\/04\/IMG_20190425_175955_234-300x191.jpg\" alt=\"IMG_20190425_175955_234\" width=\"300\" height=\"191\" srcset=\"https:\/\/blogdorogeriogomes.com.br\/noticias\/wp-content\/uploads\/2019\/04\/IMG_20190425_175955_234-300x191.jpg 300w, https:\/\/blogdorogeriogomes.com.br\/noticias\/wp-content\/uploads\/2019\/04\/IMG_20190425_175955_234.jpg 583w\" sizes=\"auto, (max-width: 300px) 100vw, 300px\" \/><\/p>\n<p>Os jornalistas Florestan Fernandes J\u00fanior e M\u00f4nica Bergamo pediram autoriza\u00e7\u00e3o ao Supremo Tribunal Federal para entrevistar o ex-presidente Lula na Superintend\u00eancia da Pol\u00edcia Federal, em Curitiba. Ap\u00f3s um ano preso, finalmente o STF autorizou as entrevistas com Lula que ser\u00e3o veiculadas nos jornais El Pa\u00eds e Folha de S\u00e3o Paulo. No entanto, nesta quinta-feira, dia 25 de abril, a Superintend\u00eancia da PF no Paran\u00e1 havia anunciado que a entrevista seria acompanhada por uma &#8220;plateia de jornalistas convidados por ela pr\u00f3pria para assistir a entrevista, sem direito de fazer perguntas&#8221;. A defesa do ex-presidente recorreu novamente ao STF e o ministro Ricardo Lewandowski derrubou a decis\u00e3o do superintendente da PF no Paran\u00e1, delegado Luciano Flores de Lima, de criar plateia em uma entrevista que estava pautada como \u201cexclusiva\u201d.<br \/>\nAssim, a entrevista com o ex-presidente Lula ser\u00e1 realizada \u00e0s 10 horas desta sexta-feira, dia 26 de abril. Os pedidos de Folha e El Pa\u00eds haviam sido solicitados em setembro, pouco antes das elei\u00e7\u00f5es presidenciais. Ser\u00e1 a primeira vez que Lula falar\u00e1 \u00e0 imprensa desde que foi preso em abril do ano passado.<\/p>\n","protected":false},"excerpt":{"rendered":"<p>Os jornalistas Florestan Fernandes J\u00fanior e M\u00f4nica Bergamo pediram autoriza\u00e7\u00e3o ao Supremo Tribunal Federal para entrevistar o ex-presidente Lula na Superintend\u00eancia da Pol\u00edcia Federal, em Curitiba. Ap\u00f3s um ano preso, finalmente o STF autorizou as entrevistas com Lula que ser\u00e3o veiculadas nos jornais El Pa\u00eds e Folha de S\u00e3o Paulo. No entanto, nesta quinta-feira, dia 25 de abril, a Superintend\u00eancia da PF no Paran\u00e1 havia anunciado que a entrevista seria acompanhada por uma &#8220;plateia de jornalistas convidados por ela&hellip;<\/p>\n","protected":false},"author":1,"featured_media":0,"comment_status":"open","ping_status":"open","sticky":false,"template":"","format":"standard","meta":{"footnotes":""},"categories":[1],"tags":[],"class_list":["post-12583","post","type-post","status-publish","format-standard","hentry","category-noticias"],"_links":{"self":[{"href":"https:\/\/blogdorogeriogomes.com.br\/noticias\/wp-json\/wp\/v2\/posts\/12583","targetHints":{"allow":["GET"]}}],"collection":[{"href":"https:\/\/blogdorogeriogomes.com.br\/noticias\/wp-json\/wp\/v2\/posts"}],"about":[{"href":"https:\/\/blogdorogeriogomes.com.br\/noticias\/wp-json\/wp\/v2\/types\/post"}],"author":[{"embeddable":true,"href":"https:\/\/blogdorogeriogomes.com.br\/noticias\/wp-json\/wp\/v2\/users\/1"}],"replies":[{"embeddable":true,"href":"https:\/\/blogdorogeriogomes.com.br\/noticias\/wp-json\/wp\/v2\/comments?post=12583"}],"version-history":[{"count":1,"href":"https:\/\/blogdorogeriogomes.com.br\/noticias\/wp-json\/wp\/v2\/posts\/12583\/revisions"}],"predecessor-version":[{"id":12585,"href":"https:\/\/blogdorogeriogomes.com.br\/noticias\/wp-json\/wp\/v2\/posts\/12583\/revisions\/12585"}],"wp:attachment":[{"href":"https:\/\/blogdorogeriogomes.com.br\/noticias\/wp-json\/wp\/v2\/media?parent=12583"}],"wp:term":[{"taxonomy":"category","embeddable":true,"href":"https:\/\/blogdorogeriogomes.com.br\/noticias\/wp-json\/wp\/v2\/categories?post=12583"},{"taxonomy":"post_tag","embeddable":true,"href":"https:\/\/blogdorogeriogomes.com.br\/noticias\/wp-json\/wp\/v2\/tags?post=12583"}],"curies":[{"name":"wp","href":"https:\/\/api.w.org\/{rel}","templated":true}]}}