{"id":12586,"date":"2019-04-26T09:08:50","date_gmt":"2019-04-26T09:08:50","guid":{"rendered":"http:\/\/blogdorogeriogomes.com.br\/?p=12586"},"modified":"2019-04-26T09:08:50","modified_gmt":"2019-04-26T09:08:50","slug":"prefeito-roberto-claudio-apresenta-projeto-de-revitalizacao-do-centro-da-capital-ao-setor-do-comercio","status":"publish","type":"post","link":"https:\/\/blogdorogeriogomes.com.br\/noticias\/2019\/04\/prefeito-roberto-claudio-apresenta-projeto-de-revitalizacao-do-centro-da-capital-ao-setor-do-comercio\/","title":{"rendered":"Prefeito Roberto Cl\u00e1udio apresenta projeto de revitaliza\u00e7\u00e3o do Centro da Capital ao setor do com\u00e9rcio"},"content":{"rendered":"<p><img loading=\"lazy\" decoding=\"async\" class=\"alignnone size-medium wp-image-12587\" src=\"http:\/\/blogdorogeriogomes.com.br\/wp-content\/uploads\/2019\/04\/IMG_20190426_060405_442-300x192.jpg\" alt=\"IMG_20190426_060405_442\" width=\"300\" height=\"192\" srcset=\"https:\/\/blogdorogeriogomes.com.br\/noticias\/wp-content\/uploads\/2019\/04\/IMG_20190426_060405_442-300x192.jpg 300w, https:\/\/blogdorogeriogomes.com.br\/noticias\/wp-content\/uploads\/2019\/04\/IMG_20190426_060405_442-768x491.jpg 768w, https:\/\/blogdorogeriogomes.com.br\/noticias\/wp-content\/uploads\/2019\/04\/IMG_20190426_060405_442-1024x655.jpg 1024w\" sizes=\"auto, (max-width: 300px) 100vw, 300px\" \/><\/p>\n<p>O projeto de revitaliza\u00e7\u00e3o do Centro de Fortaleza foi apresentado pelo prefeito Roberto Cl\u00e1udio para os representantes do setor comercial da Capital, nesta quinta-feira, dia 25 de abril. O encontro aconteceu na Associa\u00e7\u00e3o Comercial do Cear\u00e1 e marcou o retorno das atividades da Representa\u00e7\u00e3o das Entidades do Com\u00e9rcio, institui\u00e7\u00e3o criada em 2005 e reativada este ano, sob a presid\u00eancia do empres\u00e1rio Jo\u00e3o Porto Guimar\u00e3es.<br \/>\nRoberto Cl\u00e1udio fez um detalhamento das interven\u00e7\u00f5es que j\u00e1 foram realizadas no Centro e destacou obras importantes que v\u00e3o mudar o seu perfil. Entre elas, a revitaliza\u00e7\u00e3o da Pra\u00e7a Jos\u00e9 de Alencar (com mini terminal), da Pra\u00e7a dos M\u00e1rtires (Passeio P\u00fablico) e do Parque das Crian\u00e7as junto com terminal de \u00f4nibus da Pra\u00e7a Cora\u00e7\u00e3o de Jesus. J\u00e1 a Rua Bar\u00e3o do Rio Branco receber\u00e1 o projeto cal\u00e7ada viva, com alargamento de passeio e paisagismo para priorizar os pedestres. Al\u00e9m disso, faixas exclusivas de \u00f4nibus ser\u00e3o implantadas na Avenida Duque de Caxias e nas Ruas Jo\u00e3o Moreira e Castro Silva.<\/p>\n","protected":false},"excerpt":{"rendered":"<p>O projeto de revitaliza\u00e7\u00e3o do Centro de Fortaleza foi apresentado pelo prefeito Roberto Cl\u00e1udio para os representantes do setor comercial da Capital, nesta quinta-feira, dia 25 de abril. O encontro aconteceu na Associa\u00e7\u00e3o Comercial do Cear\u00e1 e marcou o retorno das atividades da Representa\u00e7\u00e3o das Entidades do Com\u00e9rcio, institui\u00e7\u00e3o criada em 2005 e reativada este ano, sob a presid\u00eancia do empres\u00e1rio Jo\u00e3o Porto Guimar\u00e3es. Roberto Cl\u00e1udio fez um detalhamento das interven\u00e7\u00f5es que j\u00e1 foram realizadas no Centro e destacou&hellip;<\/p>\n","protected":false},"author":1,"featured_media":0,"comment_status":"open","ping_status":"open","sticky":false,"template":"","format":"standard","meta":{"footnotes":""},"categories":[1],"tags":[],"class_list":["post-12586","post","type-post","status-publish","format-standard","hentry","category-noticias"],"_links":{"self":[{"href":"https:\/\/blogdorogeriogomes.com.br\/noticias\/wp-json\/wp\/v2\/posts\/12586","targetHints":{"allow":["GET"]}}],"collection":[{"href":"https:\/\/blogdorogeriogomes.com.br\/noticias\/wp-json\/wp\/v2\/posts"}],"about":[{"href":"https:\/\/blogdorogeriogomes.com.br\/noticias\/wp-json\/wp\/v2\/types\/post"}],"author":[{"embeddable":true,"href":"https:\/\/blogdorogeriogomes.com.br\/noticias\/wp-json\/wp\/v2\/users\/1"}],"replies":[{"embeddable":true,"href":"https:\/\/blogdorogeriogomes.com.br\/noticias\/wp-json\/wp\/v2\/comments?post=12586"}],"version-history":[{"count":1,"href":"https:\/\/blogdorogeriogomes.com.br\/noticias\/wp-json\/wp\/v2\/posts\/12586\/revisions"}],"predecessor-version":[{"id":12588,"href":"https:\/\/blogdorogeriogomes.com.br\/noticias\/wp-json\/wp\/v2\/posts\/12586\/revisions\/12588"}],"wp:attachment":[{"href":"https:\/\/blogdorogeriogomes.com.br\/noticias\/wp-json\/wp\/v2\/media?parent=12586"}],"wp:term":[{"taxonomy":"category","embeddable":true,"href":"https:\/\/blogdorogeriogomes.com.br\/noticias\/wp-json\/wp\/v2\/categories?post=12586"},{"taxonomy":"post_tag","embeddable":true,"href":"https:\/\/blogdorogeriogomes.com.br\/noticias\/wp-json\/wp\/v2\/tags?post=12586"}],"curies":[{"name":"wp","href":"https:\/\/api.w.org\/{rel}","templated":true}]}}