{"id":12592,"date":"2019-04-26T09:37:58","date_gmt":"2019-04-26T09:37:58","guid":{"rendered":"http:\/\/blogdorogeriogomes.com.br\/?p=12592"},"modified":"2019-04-26T09:37:58","modified_gmt":"2019-04-26T09:37:58","slug":"camara-municipal-de-fortaleza-volta-a-discutir-novo-codigo-da-cidade","status":"publish","type":"post","link":"https:\/\/blogdorogeriogomes.com.br\/noticias\/2019\/04\/camara-municipal-de-fortaleza-volta-a-discutir-novo-codigo-da-cidade\/","title":{"rendered":"C\u00e2mara Municipal de Fortaleza volta a discutir novo C\u00f3digo da Cidade"},"content":{"rendered":"<p><img loading=\"lazy\" decoding=\"async\" class=\"alignnone size-medium wp-image-12593\" src=\"http:\/\/blogdorogeriogomes.com.br\/wp-content\/uploads\/2019\/04\/image-15-300x225.jpg\" alt=\"image (15)\" width=\"300\" height=\"225\" srcset=\"https:\/\/blogdorogeriogomes.com.br\/noticias\/wp-content\/uploads\/2019\/04\/image-15-300x225.jpg 300w, https:\/\/blogdorogeriogomes.com.br\/noticias\/wp-content\/uploads\/2019\/04\/image-15.jpg 400w\" sizes=\"auto, (max-width: 300px) 100vw, 300px\" \/><\/p>\n<p>A C\u00e2mara Municipal de Fortaleza volta a discutir o C\u00f3digo da Cidade, nesta sexta-feira, dia 26 de abril. O debate acontece na comiss\u00e3o especial criada no Legislativo. O projeto tramita na Casa desde o in\u00edcio do ano. A proposta original ter\u00e1 parecer do relator votado na reuni\u00e3o desta sexta-feira.<br \/>\nO l\u00edder do Governo e presidente da comiss\u00e3o especial do C\u00f3digo da Cidade, \u00c9sio Feitosa (PPL), ressalta que o momento \u00e9 adequado para discuss\u00e3o das mudan\u00e7as no C\u00f3digo, visto que o que est\u00e1 em vig\u00eancia data de 1981.<\/p>\n","protected":false},"excerpt":{"rendered":"<p>A C\u00e2mara Municipal de Fortaleza volta a discutir o C\u00f3digo da Cidade, nesta sexta-feira, dia 26 de abril. O debate acontece na comiss\u00e3o especial criada no Legislativo. O projeto tramita na Casa desde o in\u00edcio do ano. A proposta original ter\u00e1 parecer do relator votado na reuni\u00e3o desta sexta-feira. O l\u00edder do Governo e presidente da comiss\u00e3o especial do C\u00f3digo da Cidade, \u00c9sio Feitosa (PPL), ressalta que o momento \u00e9 adequado para discuss\u00e3o das mudan\u00e7as no C\u00f3digo, visto que&hellip;<\/p>\n","protected":false},"author":1,"featured_media":0,"comment_status":"open","ping_status":"open","sticky":false,"template":"","format":"standard","meta":{"footnotes":""},"categories":[1],"tags":[],"class_list":["post-12592","post","type-post","status-publish","format-standard","hentry","category-noticias"],"_links":{"self":[{"href":"https:\/\/blogdorogeriogomes.com.br\/noticias\/wp-json\/wp\/v2\/posts\/12592","targetHints":{"allow":["GET"]}}],"collection":[{"href":"https:\/\/blogdorogeriogomes.com.br\/noticias\/wp-json\/wp\/v2\/posts"}],"about":[{"href":"https:\/\/blogdorogeriogomes.com.br\/noticias\/wp-json\/wp\/v2\/types\/post"}],"author":[{"embeddable":true,"href":"https:\/\/blogdorogeriogomes.com.br\/noticias\/wp-json\/wp\/v2\/users\/1"}],"replies":[{"embeddable":true,"href":"https:\/\/blogdorogeriogomes.com.br\/noticias\/wp-json\/wp\/v2\/comments?post=12592"}],"version-history":[{"count":1,"href":"https:\/\/blogdorogeriogomes.com.br\/noticias\/wp-json\/wp\/v2\/posts\/12592\/revisions"}],"predecessor-version":[{"id":12594,"href":"https:\/\/blogdorogeriogomes.com.br\/noticias\/wp-json\/wp\/v2\/posts\/12592\/revisions\/12594"}],"wp:attachment":[{"href":"https:\/\/blogdorogeriogomes.com.br\/noticias\/wp-json\/wp\/v2\/media?parent=12592"}],"wp:term":[{"taxonomy":"category","embeddable":true,"href":"https:\/\/blogdorogeriogomes.com.br\/noticias\/wp-json\/wp\/v2\/categories?post=12592"},{"taxonomy":"post_tag","embeddable":true,"href":"https:\/\/blogdorogeriogomes.com.br\/noticias\/wp-json\/wp\/v2\/tags?post=12592"}],"curies":[{"name":"wp","href":"https:\/\/api.w.org\/{rel}","templated":true}]}}