{"id":12595,"date":"2019-04-26T21:20:17","date_gmt":"2019-04-26T21:20:17","guid":{"rendered":"http:\/\/blogdorogeriogomes.com.br\/?p=12595"},"modified":"2019-04-26T21:20:17","modified_gmt":"2019-04-26T21:20:17","slug":"lula-cobra-autocritica-do-pais-e-diz-que-bando-de-maluco-comanda-hoje-o-governo-federal","status":"publish","type":"post","link":"https:\/\/blogdorogeriogomes.com.br\/noticias\/2019\/04\/lula-cobra-autocritica-do-pais-e-diz-que-bando-de-maluco-comanda-hoje-o-governo-federal\/","title":{"rendered":"Lula cobra autocr\u00edtica do Pa\u00eds e diz que &#8220;bando de maluco&#8221; comanda hoje o Governo Federal"},"content":{"rendered":"<p><img loading=\"lazy\" decoding=\"async\" class=\"alignnone size-medium wp-image-12596\" src=\"http:\/\/blogdorogeriogomes.com.br\/wp-content\/uploads\/2019\/04\/IMG_20190426_181419_004-300x200.jpg\" alt=\"IMG_20190426_181419_004\" width=\"300\" height=\"200\" srcset=\"https:\/\/blogdorogeriogomes.com.br\/noticias\/wp-content\/uploads\/2019\/04\/IMG_20190426_181419_004-300x200.jpg 300w, https:\/\/blogdorogeriogomes.com.br\/noticias\/wp-content\/uploads\/2019\/04\/IMG_20190426_181419_004-768x512.jpg 768w, https:\/\/blogdorogeriogomes.com.br\/noticias\/wp-content\/uploads\/2019\/04\/IMG_20190426_181419_004.jpg 1024w\" sizes=\"auto, (max-width: 300px) 100vw, 300px\" \/><\/p>\n<p>T\u00f3picos da entrevista que o ex-presidente Lula concedeu, de forma exclusiva, aos jornalistas Florestan Fernandes J\u00fanior (El Pa\u00eds) e M\u00f4nica Bergamo (Folha de S\u00e3o Paulo), nesta sexta-feira, dia 26 de abril, na Superintend\u00eancia da Pol\u00edcia Federal, em Curitiba.<br \/>\n&#8220;Vamos fazer uma autocr\u00edtica geral nesse pa\u00eds. O que n\u00e3o pode \u00e9 esse pa\u00eds estar governado por esse bando de maluco que governa o pa\u00eds. O pa\u00eds n\u00e3o merece isso e sobretudo o povo n\u00e3o merece isso&#8221;<br \/>\n&#8220;Muita gente achava que eu deveria sair do Brasil, ir para uma embaixada, fugir. E eu tomei como decis\u00e3o que meu lugar \u00e9 aqui. Eu tenho tanta obsess\u00e3o de desmascarar o Moro, de desmascarar aqueles que me condenaram que eu ficarei 100 anos preso, mas n\u00e3o trocarei minha dignidade pela minha liberdade&#8221;<br \/>\n&#8220;Eu tenho certeza que durmo todo dia com a minha consci\u00eancia tranquila. Eu tenho certeza que o Dallagnol n\u00e3o dorme, que o Moro n\u00e3o dorme. Eu vou trabalhar muito para provar a minha inoc\u00eancia e a farsa que foi montada&#8221;.<br \/>\n&#8220;Eu adoraria estar em casa, mas n\u00e3o fa\u00e7o nenhuma quest\u00e3o. Porque quero sair daqui com a cabe\u00e7a erguida, como um inocente&#8221;<br \/>\n\u201cEu penso que um dia as pessoas que ir\u00e3o me julgar estar\u00e3o preocupadas com os autos dos processos, estar\u00e3o preocupadas com as provas, e n\u00e3o com a manchete do Jornal Nacional&#8221;.<\/p>\n<p>&nbsp;<\/p>\n<p>Foto: Marlene Bergamo\/Folhapress<\/p>\n<p>&nbsp;<\/p>\n","protected":false},"excerpt":{"rendered":"<p>T\u00f3picos da entrevista que o ex-presidente Lula concedeu, de forma exclusiva, aos jornalistas Florestan Fernandes J\u00fanior (El Pa\u00eds) e M\u00f4nica Bergamo (Folha de S\u00e3o Paulo), nesta sexta-feira, dia 26 de abril, na Superintend\u00eancia da Pol\u00edcia Federal, em Curitiba. &#8220;Vamos fazer uma autocr\u00edtica geral nesse pa\u00eds. O que n\u00e3o pode \u00e9 esse pa\u00eds estar governado por esse bando de maluco que governa o pa\u00eds. O pa\u00eds n\u00e3o merece isso e sobretudo o povo n\u00e3o merece isso&#8221; &#8220;Muita gente achava que&hellip;<\/p>\n","protected":false},"author":1,"featured_media":0,"comment_status":"open","ping_status":"open","sticky":false,"template":"","format":"standard","meta":{"footnotes":""},"categories":[1],"tags":[],"class_list":["post-12595","post","type-post","status-publish","format-standard","hentry","category-noticias"],"_links":{"self":[{"href":"https:\/\/blogdorogeriogomes.com.br\/noticias\/wp-json\/wp\/v2\/posts\/12595","targetHints":{"allow":["GET"]}}],"collection":[{"href":"https:\/\/blogdorogeriogomes.com.br\/noticias\/wp-json\/wp\/v2\/posts"}],"about":[{"href":"https:\/\/blogdorogeriogomes.com.br\/noticias\/wp-json\/wp\/v2\/types\/post"}],"author":[{"embeddable":true,"href":"https:\/\/blogdorogeriogomes.com.br\/noticias\/wp-json\/wp\/v2\/users\/1"}],"replies":[{"embeddable":true,"href":"https:\/\/blogdorogeriogomes.com.br\/noticias\/wp-json\/wp\/v2\/comments?post=12595"}],"version-history":[{"count":1,"href":"https:\/\/blogdorogeriogomes.com.br\/noticias\/wp-json\/wp\/v2\/posts\/12595\/revisions"}],"predecessor-version":[{"id":12597,"href":"https:\/\/blogdorogeriogomes.com.br\/noticias\/wp-json\/wp\/v2\/posts\/12595\/revisions\/12597"}],"wp:attachment":[{"href":"https:\/\/blogdorogeriogomes.com.br\/noticias\/wp-json\/wp\/v2\/media?parent=12595"}],"wp:term":[{"taxonomy":"category","embeddable":true,"href":"https:\/\/blogdorogeriogomes.com.br\/noticias\/wp-json\/wp\/v2\/categories?post=12595"},{"taxonomy":"post_tag","embeddable":true,"href":"https:\/\/blogdorogeriogomes.com.br\/noticias\/wp-json\/wp\/v2\/tags?post=12595"}],"curies":[{"name":"wp","href":"https:\/\/api.w.org\/{rel}","templated":true}]}}