{"id":12601,"date":"2019-04-29T08:50:58","date_gmt":"2019-04-29T08:50:58","guid":{"rendered":"http:\/\/blogdorogeriogomes.com.br\/?p=12601"},"modified":"2019-04-29T08:50:58","modified_gmt":"2019-04-29T08:50:58","slug":"prefeitura-da-capital-lanca-programa-fortaleza-solidaria-para-estimular-voluntariado","status":"publish","type":"post","link":"https:\/\/blogdorogeriogomes.com.br\/noticias\/2019\/04\/prefeitura-da-capital-lanca-programa-fortaleza-solidaria-para-estimular-voluntariado\/","title":{"rendered":"Prefeitura da Capital lan\u00e7a Programa Fortaleza Solid\u00e1ria para estimular voluntariado"},"content":{"rendered":"<p><img loading=\"lazy\" decoding=\"async\" class=\"alignnone size-medium wp-image-12602\" src=\"http:\/\/blogdorogeriogomes.com.br\/wp-content\/uploads\/2019\/04\/IMG_20190429_054539_265-300x222.jpg\" alt=\"IMG_20190429_054539_265\" width=\"300\" height=\"222\" srcset=\"https:\/\/blogdorogeriogomes.com.br\/noticias\/wp-content\/uploads\/2019\/04\/IMG_20190429_054539_265-300x222.jpg 300w, https:\/\/blogdorogeriogomes.com.br\/noticias\/wp-content\/uploads\/2019\/04\/IMG_20190429_054539_265-768x570.jpg 768w, https:\/\/blogdorogeriogomes.com.br\/noticias\/wp-content\/uploads\/2019\/04\/IMG_20190429_054539_265-1024x759.jpg 1024w\" sizes=\"auto, (max-width: 300px) 100vw, 300px\" \/><br \/>\nPara estimular o voluntariado na cidade de Fortaleza, ser\u00e1 realizado nesta segunda-feira, dia 29 de abril, o lan\u00e7amento do Programa Fortaleza Solid\u00e1ria. Inspirado em uma plataforma que j\u00e1 funciona em outras cidades, como Recife, o Fortaleza Solid\u00e1ria busca conectar Organiza\u00e7\u00f5es N\u00e3o Governamentais (ONGs) e volunt\u00e1rios para constru\u00e7\u00e3o de uma rede de solidariedade. O Programa tem apoio institucional da Prefeitura de Fortaleza.<br \/>\nA iniciativa, que promete alavancar os n\u00fameros de voluntariado e a\u00e7\u00f5es solid\u00e1rias na Capital cearense, cruza os dados dos que querem ser volunt\u00e1rios, mas n\u00e3o sabem como, com os das ONGs que precisam de m\u00e3o de obra, mas n\u00e3o sabem onde encontrar volunt\u00e1rios. O Fortaleza Solid\u00e1ria \u00e9 um movimento local, interligado ao Transforma Brasil, que tem como vis\u00e3o transformar o Brasil por interm\u00e9dio do voluntariado e do engajamento c\u00edvico.<\/p>\n","protected":false},"excerpt":{"rendered":"<p>Para estimular o voluntariado na cidade de Fortaleza, ser\u00e1 realizado nesta segunda-feira, dia 29 de abril, o lan\u00e7amento do Programa Fortaleza Solid\u00e1ria. Inspirado em uma plataforma que j\u00e1 funciona em outras cidades, como Recife, o Fortaleza Solid\u00e1ria busca conectar Organiza\u00e7\u00f5es N\u00e3o Governamentais (ONGs) e volunt\u00e1rios para constru\u00e7\u00e3o de uma rede de solidariedade. O Programa tem apoio institucional da Prefeitura de Fortaleza. A iniciativa, que promete alavancar os n\u00fameros de voluntariado e a\u00e7\u00f5es solid\u00e1rias na Capital cearense, cruza os dados&hellip;<\/p>\n","protected":false},"author":1,"featured_media":0,"comment_status":"open","ping_status":"open","sticky":false,"template":"","format":"standard","meta":{"footnotes":""},"categories":[1],"tags":[],"class_list":["post-12601","post","type-post","status-publish","format-standard","hentry","category-noticias"],"_links":{"self":[{"href":"https:\/\/blogdorogeriogomes.com.br\/noticias\/wp-json\/wp\/v2\/posts\/12601","targetHints":{"allow":["GET"]}}],"collection":[{"href":"https:\/\/blogdorogeriogomes.com.br\/noticias\/wp-json\/wp\/v2\/posts"}],"about":[{"href":"https:\/\/blogdorogeriogomes.com.br\/noticias\/wp-json\/wp\/v2\/types\/post"}],"author":[{"embeddable":true,"href":"https:\/\/blogdorogeriogomes.com.br\/noticias\/wp-json\/wp\/v2\/users\/1"}],"replies":[{"embeddable":true,"href":"https:\/\/blogdorogeriogomes.com.br\/noticias\/wp-json\/wp\/v2\/comments?post=12601"}],"version-history":[{"count":1,"href":"https:\/\/blogdorogeriogomes.com.br\/noticias\/wp-json\/wp\/v2\/posts\/12601\/revisions"}],"predecessor-version":[{"id":12603,"href":"https:\/\/blogdorogeriogomes.com.br\/noticias\/wp-json\/wp\/v2\/posts\/12601\/revisions\/12603"}],"wp:attachment":[{"href":"https:\/\/blogdorogeriogomes.com.br\/noticias\/wp-json\/wp\/v2\/media?parent=12601"}],"wp:term":[{"taxonomy":"category","embeddable":true,"href":"https:\/\/blogdorogeriogomes.com.br\/noticias\/wp-json\/wp\/v2\/categories?post=12601"},{"taxonomy":"post_tag","embeddable":true,"href":"https:\/\/blogdorogeriogomes.com.br\/noticias\/wp-json\/wp\/v2\/tags?post=12601"}],"curies":[{"name":"wp","href":"https:\/\/api.w.org\/{rel}","templated":true}]}}