{"id":12604,"date":"2019-04-29T09:04:10","date_gmt":"2019-04-29T09:04:10","guid":{"rendered":"http:\/\/blogdorogeriogomes.com.br\/?p=12604"},"modified":"2019-04-29T09:04:10","modified_gmt":"2019-04-29T09:04:10","slug":"bolsonaro-e-maia-tentam-afinar-os-discursos-em-momento-de-articulacao-da-reforma-da-previdencia","status":"publish","type":"post","link":"https:\/\/blogdorogeriogomes.com.br\/noticias\/2019\/04\/bolsonaro-e-maia-tentam-afinar-os-discursos-em-momento-de-articulacao-da-reforma-da-previdencia\/","title":{"rendered":"Bolsonaro e Maia tentam afinar os discursos em momento de articula\u00e7\u00e3o da Reforma da Previd\u00eancia"},"content":{"rendered":"<p><img loading=\"lazy\" decoding=\"async\" class=\"alignnone size-medium wp-image-12605\" src=\"http:\/\/blogdorogeriogomes.com.br\/wp-content\/uploads\/2019\/04\/IMG_20190429_060043_939-300x249.jpg\" alt=\"IMG_20190429_060043_939\" width=\"300\" height=\"249\" srcset=\"https:\/\/blogdorogeriogomes.com.br\/noticias\/wp-content\/uploads\/2019\/04\/IMG_20190429_060043_939-300x249.jpg 300w, https:\/\/blogdorogeriogomes.com.br\/noticias\/wp-content\/uploads\/2019\/04\/IMG_20190429_060043_939.jpg 545w\" sizes=\"auto, (max-width: 300px) 100vw, 300px\" \/><\/p>\n<p>O presidente da Rep\u00fablica, Jair Bolsonaro, e o presidente da C\u00e2mara Federal, Rodrigo Maia, voltaram a se encontrar pessoalmente neste domingo, dia 28 de abril, em Bras\u00edlia. O objetivo \u00e9 afinar os discursos em torno da articula\u00e7\u00e3o pol\u00edtica para aprova\u00e7\u00e3o da Reforma da Previd\u00eancia.<br \/>\nO governo aproveitar\u00e1 essa semana sem sess\u00f5es da comiss\u00e3o especial da reforma da Previd\u00eancia para intensificar as conversas com parlamentares para tentar formar uma base aliada.<br \/>\nBolsonaro tamb\u00e9m afirmou que o governo discute se o Coaf permanecer\u00e1 no Minist\u00e9rio da Justi\u00e7a ou voltar\u00e1 para o Minist\u00e9rio da Economia. &#8220;Estamos tratando desse assunto&#8221;, disse. O ministro Sergio Moro \u00e9 contra uma nova mudan\u00e7a.<br \/>\nO governo enfrenta resist\u00eancia no Congresso Nacional para aprovar a Medida Provis\u00f3ria que muda a estrutura administrativa do Executivo. Umas das queixas dos parlamentares \u00e9 de que o Coaf n\u00e3o deve ser subordinado ao Minist\u00e9rio da Justi\u00e7a e sim ao Minist\u00e9rio da Economia. Bolsonaro j\u00e1 afirmou que n\u00e3o se op\u00f5e \u00e0 volta do \u00f3rg\u00e3o ao Minist\u00e9rio da Economia. A MP precisa ser aprovada at\u00e9 3 de junho.<\/p>\n","protected":false},"excerpt":{"rendered":"<p>O presidente da Rep\u00fablica, Jair Bolsonaro, e o presidente da C\u00e2mara Federal, Rodrigo Maia, voltaram a se encontrar pessoalmente neste domingo, dia 28 de abril, em Bras\u00edlia. O objetivo \u00e9 afinar os discursos em torno da articula\u00e7\u00e3o pol\u00edtica para aprova\u00e7\u00e3o da Reforma da Previd\u00eancia. O governo aproveitar\u00e1 essa semana sem sess\u00f5es da comiss\u00e3o especial da reforma da Previd\u00eancia para intensificar as conversas com parlamentares para tentar formar uma base aliada. Bolsonaro tamb\u00e9m afirmou que o governo discute se o&hellip;<\/p>\n","protected":false},"author":1,"featured_media":0,"comment_status":"open","ping_status":"open","sticky":false,"template":"","format":"standard","meta":{"footnotes":""},"categories":[1],"tags":[],"class_list":["post-12604","post","type-post","status-publish","format-standard","hentry","category-noticias"],"_links":{"self":[{"href":"https:\/\/blogdorogeriogomes.com.br\/noticias\/wp-json\/wp\/v2\/posts\/12604","targetHints":{"allow":["GET"]}}],"collection":[{"href":"https:\/\/blogdorogeriogomes.com.br\/noticias\/wp-json\/wp\/v2\/posts"}],"about":[{"href":"https:\/\/blogdorogeriogomes.com.br\/noticias\/wp-json\/wp\/v2\/types\/post"}],"author":[{"embeddable":true,"href":"https:\/\/blogdorogeriogomes.com.br\/noticias\/wp-json\/wp\/v2\/users\/1"}],"replies":[{"embeddable":true,"href":"https:\/\/blogdorogeriogomes.com.br\/noticias\/wp-json\/wp\/v2\/comments?post=12604"}],"version-history":[{"count":1,"href":"https:\/\/blogdorogeriogomes.com.br\/noticias\/wp-json\/wp\/v2\/posts\/12604\/revisions"}],"predecessor-version":[{"id":12606,"href":"https:\/\/blogdorogeriogomes.com.br\/noticias\/wp-json\/wp\/v2\/posts\/12604\/revisions\/12606"}],"wp:attachment":[{"href":"https:\/\/blogdorogeriogomes.com.br\/noticias\/wp-json\/wp\/v2\/media?parent=12604"}],"wp:term":[{"taxonomy":"category","embeddable":true,"href":"https:\/\/blogdorogeriogomes.com.br\/noticias\/wp-json\/wp\/v2\/categories?post=12604"},{"taxonomy":"post_tag","embeddable":true,"href":"https:\/\/blogdorogeriogomes.com.br\/noticias\/wp-json\/wp\/v2\/tags?post=12604"}],"curies":[{"name":"wp","href":"https:\/\/api.w.org\/{rel}","templated":true}]}}