{"id":12607,"date":"2019-04-29T14:48:42","date_gmt":"2019-04-29T14:48:42","guid":{"rendered":"http:\/\/blogdorogeriogomes.com.br\/?p=12607"},"modified":"2019-04-29T14:48:42","modified_gmt":"2019-04-29T14:48:42","slug":"operacao-da-pf-em-minas-gerais-pode-complicar-situacao-do-ministro-do-turismo","status":"publish","type":"post","link":"https:\/\/blogdorogeriogomes.com.br\/noticias\/2019\/04\/operacao-da-pf-em-minas-gerais-pode-complicar-situacao-do-ministro-do-turismo\/","title":{"rendered":"Opera\u00e7\u00e3o da PF em Minas Gerais pode complicar situa\u00e7\u00e3o do Ministro do Turismo"},"content":{"rendered":"<p><img loading=\"lazy\" decoding=\"async\" class=\"alignnone size-medium wp-image-12608\" src=\"http:\/\/blogdorogeriogomes.com.br\/wp-content\/uploads\/2019\/04\/IMG_20190429_114432_177-300x169.jpg\" alt=\"IMG_20190429_114432_177\" width=\"300\" height=\"169\" srcset=\"https:\/\/blogdorogeriogomes.com.br\/noticias\/wp-content\/uploads\/2019\/04\/IMG_20190429_114432_177-300x169.jpg 300w, https:\/\/blogdorogeriogomes.com.br\/noticias\/wp-content\/uploads\/2019\/04\/IMG_20190429_114432_177.jpg 426w\" sizes=\"auto, (max-width: 300px) 100vw, 300px\" \/><\/p>\n<p>A Pol\u00edcia Federal cumpriu nesta segunda-feira, dia 29 de abril, sete mandados de busca e apreens\u00e3o m Belo Horizonte e mais quatro cidades mineiras sobre investiga\u00e7\u00e3o de supostas candidaturas-laranja pelo PSL nas elei\u00e7\u00f5es de 2018. Na \u00e9poca, o ministro do Turismo, Marcelo \u00c1lvaro Ant\u00f4nio, presidia o partido em Minas Gerais. Ele, no entanto, n\u00e3o \u00e9 alvo direto da opera\u00e7\u00e3o. Segundo o site Brasil 247, os agentes policiais apreenderam documentos relativos \u00e0 produ\u00e7\u00e3o de material gr\u00e1fico de campanhas eleitorais.<br \/>\nA Justi\u00e7a de Minas Gerais apura desde fevereiro supostas irregularidades no repasse de verba do Fundo Especial de Financiamento de Campanha pelo PSL a quatro candidatas nas elei\u00e7\u00f5es de 2018.<\/p>\n","protected":false},"excerpt":{"rendered":"<p>A Pol\u00edcia Federal cumpriu nesta segunda-feira, dia 29 de abril, sete mandados de busca e apreens\u00e3o m Belo Horizonte e mais quatro cidades mineiras sobre investiga\u00e7\u00e3o de supostas candidaturas-laranja pelo PSL nas elei\u00e7\u00f5es de 2018. Na \u00e9poca, o ministro do Turismo, Marcelo \u00c1lvaro Ant\u00f4nio, presidia o partido em Minas Gerais. Ele, no entanto, n\u00e3o \u00e9 alvo direto da opera\u00e7\u00e3o. Segundo o site Brasil 247, os agentes policiais apreenderam documentos relativos \u00e0 produ\u00e7\u00e3o de material gr\u00e1fico de campanhas eleitorais. A&hellip;<\/p>\n","protected":false},"author":1,"featured_media":0,"comment_status":"open","ping_status":"open","sticky":false,"template":"","format":"standard","meta":{"footnotes":""},"categories":[1],"tags":[],"class_list":["post-12607","post","type-post","status-publish","format-standard","hentry","category-noticias"],"_links":{"self":[{"href":"https:\/\/blogdorogeriogomes.com.br\/noticias\/wp-json\/wp\/v2\/posts\/12607","targetHints":{"allow":["GET"]}}],"collection":[{"href":"https:\/\/blogdorogeriogomes.com.br\/noticias\/wp-json\/wp\/v2\/posts"}],"about":[{"href":"https:\/\/blogdorogeriogomes.com.br\/noticias\/wp-json\/wp\/v2\/types\/post"}],"author":[{"embeddable":true,"href":"https:\/\/blogdorogeriogomes.com.br\/noticias\/wp-json\/wp\/v2\/users\/1"}],"replies":[{"embeddable":true,"href":"https:\/\/blogdorogeriogomes.com.br\/noticias\/wp-json\/wp\/v2\/comments?post=12607"}],"version-history":[{"count":1,"href":"https:\/\/blogdorogeriogomes.com.br\/noticias\/wp-json\/wp\/v2\/posts\/12607\/revisions"}],"predecessor-version":[{"id":12609,"href":"https:\/\/blogdorogeriogomes.com.br\/noticias\/wp-json\/wp\/v2\/posts\/12607\/revisions\/12609"}],"wp:attachment":[{"href":"https:\/\/blogdorogeriogomes.com.br\/noticias\/wp-json\/wp\/v2\/media?parent=12607"}],"wp:term":[{"taxonomy":"category","embeddable":true,"href":"https:\/\/blogdorogeriogomes.com.br\/noticias\/wp-json\/wp\/v2\/categories?post=12607"},{"taxonomy":"post_tag","embeddable":true,"href":"https:\/\/blogdorogeriogomes.com.br\/noticias\/wp-json\/wp\/v2\/tags?post=12607"}],"curies":[{"name":"wp","href":"https:\/\/api.w.org\/{rel}","templated":true}]}}