{"id":12613,"date":"2019-04-30T08:16:00","date_gmt":"2019-04-30T08:16:00","guid":{"rendered":"http:\/\/blogdorogeriogomes.com.br\/?p=12613"},"modified":"2019-04-30T08:16:00","modified_gmt":"2019-04-30T08:16:00","slug":"servidores-estaduais-precisam-fazer-prova-de-vida-ou-ficarao-sem-salario-em-maio","status":"publish","type":"post","link":"https:\/\/blogdorogeriogomes.com.br\/noticias\/2019\/04\/servidores-estaduais-precisam-fazer-prova-de-vida-ou-ficarao-sem-salario-em-maio\/","title":{"rendered":"Servidores estaduais precisam fazer \u201cprova de vida\u201d ou ficar\u00e3o sem sal\u00e1rio em maio"},"content":{"rendered":"<p><img loading=\"lazy\" decoding=\"async\" class=\"alignnone size-medium wp-image-12614\" src=\"http:\/\/blogdorogeriogomes.com.br\/wp-content\/uploads\/2019\/04\/IMG_20190430_051106_537-300x206.jpg\" alt=\"IMG_20190430_051106_537\" width=\"300\" height=\"206\" srcset=\"https:\/\/blogdorogeriogomes.com.br\/noticias\/wp-content\/uploads\/2019\/04\/IMG_20190430_051106_537-300x206.jpg 300w, https:\/\/blogdorogeriogomes.com.br\/noticias\/wp-content\/uploads\/2019\/04\/IMG_20190430_051106_537.jpg 603w\" sizes=\"auto, (max-width: 300px) 100vw, 300px\" \/><\/p>\n<p>O Governo do Cear\u00e1 deu prazo a todos os servidores p\u00fablicos estaduais para fazer a chamada \u201cprova de vida\u201d, a fim de provar que est\u00e1 vivo na institui\u00e7\u00e3o banc\u00e1ria (Bradesco), onde s\u00e3o depositados os vencimentos a cada m\u00eas. Quem n\u00e3o realizou o cadastramento vai ficar sem receber os sal\u00e1rios agora em maio.<br \/>\nS\u00e3o 14.660 servidores p\u00fablicos que n\u00e3o fizeram a \u201cprova de vida\u201d, segundo a Secretaria do Planejamento e Gest\u00e3o (Seplag). \u00c9 necess\u00e1rio fazer o recadastramento biom\u00e9trico para voltar a receber os vencimentos. Na lista de funcion\u00e1rios que n\u00e3o fizeram o cadastramento est\u00e3o policiais militares, servidores da Pol\u00edcia Civil, Corpo de Bombeiros, das secretarias da Educa\u00e7\u00e3o, da Sa\u00fade, da Cultura, Fazenda, do Desenvolvimento Agr\u00e1rio, Detran, Ipec e outros \u00f3rg\u00e3os p\u00fablicos ligados \u00e0 administra\u00e7\u00e3o estadual.<\/p>\n","protected":false},"excerpt":{"rendered":"<p>O Governo do Cear\u00e1 deu prazo a todos os servidores p\u00fablicos estaduais para fazer a chamada \u201cprova de vida\u201d, a fim de provar que est\u00e1 vivo na institui\u00e7\u00e3o banc\u00e1ria (Bradesco), onde s\u00e3o depositados os vencimentos a cada m\u00eas. Quem n\u00e3o realizou o cadastramento vai ficar sem receber os sal\u00e1rios agora em maio. S\u00e3o 14.660 servidores p\u00fablicos que n\u00e3o fizeram a \u201cprova de vida\u201d, segundo a Secretaria do Planejamento e Gest\u00e3o (Seplag). \u00c9 necess\u00e1rio fazer o recadastramento biom\u00e9trico para voltar&hellip;<\/p>\n","protected":false},"author":1,"featured_media":0,"comment_status":"open","ping_status":"open","sticky":false,"template":"","format":"standard","meta":{"footnotes":""},"categories":[1],"tags":[],"class_list":["post-12613","post","type-post","status-publish","format-standard","hentry","category-noticias"],"_links":{"self":[{"href":"https:\/\/blogdorogeriogomes.com.br\/noticias\/wp-json\/wp\/v2\/posts\/12613","targetHints":{"allow":["GET"]}}],"collection":[{"href":"https:\/\/blogdorogeriogomes.com.br\/noticias\/wp-json\/wp\/v2\/posts"}],"about":[{"href":"https:\/\/blogdorogeriogomes.com.br\/noticias\/wp-json\/wp\/v2\/types\/post"}],"author":[{"embeddable":true,"href":"https:\/\/blogdorogeriogomes.com.br\/noticias\/wp-json\/wp\/v2\/users\/1"}],"replies":[{"embeddable":true,"href":"https:\/\/blogdorogeriogomes.com.br\/noticias\/wp-json\/wp\/v2\/comments?post=12613"}],"version-history":[{"count":1,"href":"https:\/\/blogdorogeriogomes.com.br\/noticias\/wp-json\/wp\/v2\/posts\/12613\/revisions"}],"predecessor-version":[{"id":12615,"href":"https:\/\/blogdorogeriogomes.com.br\/noticias\/wp-json\/wp\/v2\/posts\/12613\/revisions\/12615"}],"wp:attachment":[{"href":"https:\/\/blogdorogeriogomes.com.br\/noticias\/wp-json\/wp\/v2\/media?parent=12613"}],"wp:term":[{"taxonomy":"category","embeddable":true,"href":"https:\/\/blogdorogeriogomes.com.br\/noticias\/wp-json\/wp\/v2\/categories?post=12613"},{"taxonomy":"post_tag","embeddable":true,"href":"https:\/\/blogdorogeriogomes.com.br\/noticias\/wp-json\/wp\/v2\/tags?post=12613"}],"curies":[{"name":"wp","href":"https:\/\/api.w.org\/{rel}","templated":true}]}}