{"id":12619,"date":"2019-04-30T20:58:10","date_gmt":"2019-04-30T20:58:10","guid":{"rendered":"http:\/\/blogdorogeriogomes.com.br\/?p=12619"},"modified":"2019-04-30T20:58:10","modified_gmt":"2019-04-30T20:58:10","slug":"universidades-tem-recursos-financeiros-cortados-pelo-ministerio-da-educacao","status":"publish","type":"post","link":"https:\/\/blogdorogeriogomes.com.br\/noticias\/2019\/04\/universidades-tem-recursos-financeiros-cortados-pelo-ministerio-da-educacao\/","title":{"rendered":"Universidades t\u00eam recursos financeiros cortados pelo Minist\u00e9rio da Educa\u00e7\u00e3o"},"content":{"rendered":"<p><img loading=\"lazy\" decoding=\"async\" class=\"alignnone size-medium wp-image-12620\" src=\"http:\/\/blogdorogeriogomes.com.br\/wp-content\/uploads\/2019\/04\/IMG_20190430_175214_734-300x213.jpg\" alt=\"IMG_20190430_175214_734\" width=\"300\" height=\"213\" srcset=\"https:\/\/blogdorogeriogomes.com.br\/noticias\/wp-content\/uploads\/2019\/04\/IMG_20190430_175214_734-300x213.jpg 300w, https:\/\/blogdorogeriogomes.com.br\/noticias\/wp-content\/uploads\/2019\/04\/IMG_20190430_175214_734.jpg 552w\" sizes=\"auto, (max-width: 300px) 100vw, 300px\" \/><br \/>\nO Minist\u00e9rio da Educa\u00e7\u00e3o mudou de comando, mas n\u00e3o consegue se afastar de pol\u00eamicas e futricas. Agora, a Universidade de Bras\u00edlia (UnB), a Universidade Federal Fluminense (UFF) e a Universidade Federal da Bahia (UFBA) tiveram 30% dos recursos financeiros cortados por determina\u00e7\u00e3o do ministro Abraham Weintraub. As institui\u00e7\u00f5es s\u00e3o acusadas pelo Minist\u00e9rio da Educa\u00e7\u00e3o (MEC) de terem desempenho abaixo do esperado em avalia\u00e7\u00f5es de ensino e estarem promovendo &#8220;balb\u00fardia&#8221;.<br \/>\nNo caso a \u201cbalb\u00fardia\u201d alegada pelo ministro foram manifesta\u00e7\u00f5es pol\u00edticas contra o atual presidente Jair Bolsonaro, desde a campanha eleitoral no ano passado. O pr\u00f3ximo alvo do corte pode ser a Universidade Federal de Juiz de Fora (UFJF), que est\u00e1 sendo investigada.<br \/>\nDe acordo com o MEC, os cortes de 30% atingem as despesas discricion\u00e1rias, como gastos com \u00e1gua, luz, limpeza, bolsas de aux\u00edlio a estudantes etc. O pagamento de pessoal \u00e9 obrigat\u00f3rio e n\u00e3o deve ser afetado.<br \/>\nResta saber o seguinte: ser\u00e1 que o Ministro da Educa\u00e7\u00e3o acredita mesmo que cortando recursos de manuten\u00e7\u00e3o, prejudicando assim, toda a comunidade universit\u00e1ria, vai conseguir reverter a forma de pensar de grupos que criticam hoje a pol\u00edtica educacional do atual governo?<\/p>\n","protected":false},"excerpt":{"rendered":"<p>O Minist\u00e9rio da Educa\u00e7\u00e3o mudou de comando, mas n\u00e3o consegue se afastar de pol\u00eamicas e futricas. Agora, a Universidade de Bras\u00edlia (UnB), a Universidade Federal Fluminense (UFF) e a Universidade Federal da Bahia (UFBA) tiveram 30% dos recursos financeiros cortados por determina\u00e7\u00e3o do ministro Abraham Weintraub. As institui\u00e7\u00f5es s\u00e3o acusadas pelo Minist\u00e9rio da Educa\u00e7\u00e3o (MEC) de terem desempenho abaixo do esperado em avalia\u00e7\u00f5es de ensino e estarem promovendo &#8220;balb\u00fardia&#8221;. No caso a \u201cbalb\u00fardia\u201d alegada pelo ministro foram manifesta\u00e7\u00f5es pol\u00edticas&hellip;<\/p>\n","protected":false},"author":1,"featured_media":0,"comment_status":"open","ping_status":"open","sticky":false,"template":"","format":"standard","meta":{"footnotes":""},"categories":[1],"tags":[],"class_list":["post-12619","post","type-post","status-publish","format-standard","hentry","category-noticias"],"_links":{"self":[{"href":"https:\/\/blogdorogeriogomes.com.br\/noticias\/wp-json\/wp\/v2\/posts\/12619","targetHints":{"allow":["GET"]}}],"collection":[{"href":"https:\/\/blogdorogeriogomes.com.br\/noticias\/wp-json\/wp\/v2\/posts"}],"about":[{"href":"https:\/\/blogdorogeriogomes.com.br\/noticias\/wp-json\/wp\/v2\/types\/post"}],"author":[{"embeddable":true,"href":"https:\/\/blogdorogeriogomes.com.br\/noticias\/wp-json\/wp\/v2\/users\/1"}],"replies":[{"embeddable":true,"href":"https:\/\/blogdorogeriogomes.com.br\/noticias\/wp-json\/wp\/v2\/comments?post=12619"}],"version-history":[{"count":1,"href":"https:\/\/blogdorogeriogomes.com.br\/noticias\/wp-json\/wp\/v2\/posts\/12619\/revisions"}],"predecessor-version":[{"id":12621,"href":"https:\/\/blogdorogeriogomes.com.br\/noticias\/wp-json\/wp\/v2\/posts\/12619\/revisions\/12621"}],"wp:attachment":[{"href":"https:\/\/blogdorogeriogomes.com.br\/noticias\/wp-json\/wp\/v2\/media?parent=12619"}],"wp:term":[{"taxonomy":"category","embeddable":true,"href":"https:\/\/blogdorogeriogomes.com.br\/noticias\/wp-json\/wp\/v2\/categories?post=12619"},{"taxonomy":"post_tag","embeddable":true,"href":"https:\/\/blogdorogeriogomes.com.br\/noticias\/wp-json\/wp\/v2\/tags?post=12619"}],"curies":[{"name":"wp","href":"https:\/\/api.w.org\/{rel}","templated":true}]}}