{"id":12625,"date":"2019-05-01T19:15:20","date_gmt":"2019-05-01T19:15:20","guid":{"rendered":"http:\/\/blogdorogeriogomes.com.br\/?p=12625"},"modified":"2019-05-01T19:15:20","modified_gmt":"2019-05-01T19:15:20","slug":"al-deve-votar-nesta-quinta-feira-projeto-de-cobranca-da-tornozeleira-eletronica-para-presos","status":"publish","type":"post","link":"https:\/\/blogdorogeriogomes.com.br\/noticias\/2019\/05\/al-deve-votar-nesta-quinta-feira-projeto-de-cobranca-da-tornozeleira-eletronica-para-presos\/","title":{"rendered":"AL deve votar nesta quinta-feira projeto de cobran\u00e7a da tornozeleira eletr\u00f4nica para presos"},"content":{"rendered":"<p><img loading=\"lazy\" decoding=\"async\" class=\"alignnone size-medium wp-image-12626\" src=\"http:\/\/blogdorogeriogomes.com.br\/wp-content\/uploads\/2019\/05\/IMG_20190501_161211_241-300x223.jpg\" alt=\"IMG_20190501_161211_241\" width=\"300\" height=\"223\" srcset=\"https:\/\/blogdorogeriogomes.com.br\/noticias\/wp-content\/uploads\/2019\/05\/IMG_20190501_161211_241-300x223.jpg 300w, https:\/\/blogdorogeriogomes.com.br\/noticias\/wp-content\/uploads\/2019\/05\/IMG_20190501_161211_241.jpg 642w\" sizes=\"auto, (max-width: 300px) 100vw, 300px\" \/><\/p>\n<p>A Assembleia Legislativa do Cear\u00e1 deve colocar em vota\u00e7\u00e3o, nesta quinta-feira, dia 2 de maio, o projeto que prev\u00ea a cobran\u00e7a de presos do Cear\u00e1 pelo uso de tornozeleira eletr\u00f4nica. A mat\u00e9ria j\u00e1 passou por todas as comiss\u00f5es t\u00e9cnicas. A proposta encaminhada pelo governador Camilo Santana tem o objetivo de reduzir o elevado custo anual do Estado com a aquisi\u00e7\u00e3o e a manuten\u00e7\u00e3o de equipamentos de monitora\u00e7\u00e3o eletr\u00f4nica.<br \/>\nPela mensagem enviada a Assembleia Legislativa, no momento da instala\u00e7\u00e3o da tornozeleira eletr\u00f4nica, o preso assina um contrato de cess\u00e3o com o governo se comprometendo a arcar com os custos do equipamento. Caso deixe de pagar, o apenado n\u00e3o perder\u00e1 o direito ao benef\u00edcio nem voltar\u00e1 ao regime fechado, mas ser\u00e1 inscrito na d\u00edvida ativa do Estado, podendo ser cobrado na Justi\u00e7a.<\/p>\n","protected":false},"excerpt":{"rendered":"<p>A Assembleia Legislativa do Cear\u00e1 deve colocar em vota\u00e7\u00e3o, nesta quinta-feira, dia 2 de maio, o projeto que prev\u00ea a cobran\u00e7a de presos do Cear\u00e1 pelo uso de tornozeleira eletr\u00f4nica. A mat\u00e9ria j\u00e1 passou por todas as comiss\u00f5es t\u00e9cnicas. A proposta encaminhada pelo governador Camilo Santana tem o objetivo de reduzir o elevado custo anual do Estado com a aquisi\u00e7\u00e3o e a manuten\u00e7\u00e3o de equipamentos de monitora\u00e7\u00e3o eletr\u00f4nica. Pela mensagem enviada a Assembleia Legislativa, no momento da instala\u00e7\u00e3o da&hellip;<\/p>\n","protected":false},"author":1,"featured_media":0,"comment_status":"open","ping_status":"open","sticky":false,"template":"","format":"standard","meta":{"footnotes":""},"categories":[1],"tags":[],"class_list":["post-12625","post","type-post","status-publish","format-standard","hentry","category-noticias"],"_links":{"self":[{"href":"https:\/\/blogdorogeriogomes.com.br\/noticias\/wp-json\/wp\/v2\/posts\/12625","targetHints":{"allow":["GET"]}}],"collection":[{"href":"https:\/\/blogdorogeriogomes.com.br\/noticias\/wp-json\/wp\/v2\/posts"}],"about":[{"href":"https:\/\/blogdorogeriogomes.com.br\/noticias\/wp-json\/wp\/v2\/types\/post"}],"author":[{"embeddable":true,"href":"https:\/\/blogdorogeriogomes.com.br\/noticias\/wp-json\/wp\/v2\/users\/1"}],"replies":[{"embeddable":true,"href":"https:\/\/blogdorogeriogomes.com.br\/noticias\/wp-json\/wp\/v2\/comments?post=12625"}],"version-history":[{"count":1,"href":"https:\/\/blogdorogeriogomes.com.br\/noticias\/wp-json\/wp\/v2\/posts\/12625\/revisions"}],"predecessor-version":[{"id":12627,"href":"https:\/\/blogdorogeriogomes.com.br\/noticias\/wp-json\/wp\/v2\/posts\/12625\/revisions\/12627"}],"wp:attachment":[{"href":"https:\/\/blogdorogeriogomes.com.br\/noticias\/wp-json\/wp\/v2\/media?parent=12625"}],"wp:term":[{"taxonomy":"category","embeddable":true,"href":"https:\/\/blogdorogeriogomes.com.br\/noticias\/wp-json\/wp\/v2\/categories?post=12625"},{"taxonomy":"post_tag","embeddable":true,"href":"https:\/\/blogdorogeriogomes.com.br\/noticias\/wp-json\/wp\/v2\/tags?post=12625"}],"curies":[{"name":"wp","href":"https:\/\/api.w.org\/{rel}","templated":true}]}}