{"id":12631,"date":"2019-05-02T12:57:24","date_gmt":"2019-05-02T12:57:24","guid":{"rendered":"http:\/\/blogdorogeriogomes.com.br\/?p=12631"},"modified":"2019-05-02T12:57:24","modified_gmt":"2019-05-02T12:57:24","slug":"ministerio-da-educacao-prorroga-o-prazo-para-pre-selecionados-do-fies-2019","status":"publish","type":"post","link":"https:\/\/blogdorogeriogomes.com.br\/noticias\/2019\/05\/ministerio-da-educacao-prorroga-o-prazo-para-pre-selecionados-do-fies-2019\/","title":{"rendered":"Minist\u00e9rio da Educa\u00e7\u00e3o prorroga o prazo para pr\u00e9-selecionados do FIES 2019"},"content":{"rendered":"<p><img loading=\"lazy\" decoding=\"async\" class=\"alignnone size-medium wp-image-12632\" src=\"http:\/\/blogdorogeriogomes.com.br\/wp-content\/uploads\/2019\/05\/IMG_20190502_095346_789-300x232.jpg\" alt=\"IMG_20190502_095346_789\" width=\"300\" height=\"232\" srcset=\"https:\/\/blogdorogeriogomes.com.br\/noticias\/wp-content\/uploads\/2019\/05\/IMG_20190502_095346_789-300x232.jpg 300w, https:\/\/blogdorogeriogomes.com.br\/noticias\/wp-content\/uploads\/2019\/05\/IMG_20190502_095346_789.jpg 487w\" sizes=\"auto, (max-width: 300px) 100vw, 300px\" \/><\/p>\n<p>O Minist\u00e9rio da Educa\u00e7\u00e3o prorrogou o prazo para convoca\u00e7\u00e3o dos pr\u00e9-selecionados na lista de espera do Fies 2019\/2. A nova data vai at\u00e9 o dia 10 de maio apenas os candidatos que concorriam na modalidade a Juros Zero poderiam participar da lista.<br \/>\nOs convocados s\u00e3o chamados de \u201cpr\u00e9-selecionados\u201d porque a vaga s\u00f3 estar\u00e1 garantida depois de algumas etapas. A primeira delas \u00e9 acessar o site do Fies e complementar as informa\u00e7\u00f5es de sua inscri\u00e7\u00e3o.<br \/>\nDepois disso, ele ter\u00e1 at\u00e9 cinco dias para comparecer \u00e0 institui\u00e7\u00e3o onde foi aprovado e validar as informa\u00e7\u00f5es prestadas na complementa\u00e7\u00e3o. A \u00faltima etapa \u00e9 comparecer a um banco com toda a documenta\u00e7\u00e3o fornecida pela faculdade para finalizar a contrata\u00e7\u00e3o do financiamento. Isso deve ser feito em at\u00e9 10 dias a partir da valida\u00e7\u00e3o das informa\u00e7\u00f5es pela faculdade.<\/p>\n","protected":false},"excerpt":{"rendered":"<p>O Minist\u00e9rio da Educa\u00e7\u00e3o prorrogou o prazo para convoca\u00e7\u00e3o dos pr\u00e9-selecionados na lista de espera do Fies 2019\/2. A nova data vai at\u00e9 o dia 10 de maio apenas os candidatos que concorriam na modalidade a Juros Zero poderiam participar da lista. Os convocados s\u00e3o chamados de \u201cpr\u00e9-selecionados\u201d porque a vaga s\u00f3 estar\u00e1 garantida depois de algumas etapas. A primeira delas \u00e9 acessar o site do Fies e complementar as informa\u00e7\u00f5es de sua inscri\u00e7\u00e3o. Depois disso, ele ter\u00e1 at\u00e9&hellip;<\/p>\n","protected":false},"author":1,"featured_media":0,"comment_status":"open","ping_status":"open","sticky":false,"template":"","format":"standard","meta":{"footnotes":""},"categories":[1],"tags":[],"class_list":["post-12631","post","type-post","status-publish","format-standard","hentry","category-noticias"],"_links":{"self":[{"href":"https:\/\/blogdorogeriogomes.com.br\/noticias\/wp-json\/wp\/v2\/posts\/12631","targetHints":{"allow":["GET"]}}],"collection":[{"href":"https:\/\/blogdorogeriogomes.com.br\/noticias\/wp-json\/wp\/v2\/posts"}],"about":[{"href":"https:\/\/blogdorogeriogomes.com.br\/noticias\/wp-json\/wp\/v2\/types\/post"}],"author":[{"embeddable":true,"href":"https:\/\/blogdorogeriogomes.com.br\/noticias\/wp-json\/wp\/v2\/users\/1"}],"replies":[{"embeddable":true,"href":"https:\/\/blogdorogeriogomes.com.br\/noticias\/wp-json\/wp\/v2\/comments?post=12631"}],"version-history":[{"count":1,"href":"https:\/\/blogdorogeriogomes.com.br\/noticias\/wp-json\/wp\/v2\/posts\/12631\/revisions"}],"predecessor-version":[{"id":12633,"href":"https:\/\/blogdorogeriogomes.com.br\/noticias\/wp-json\/wp\/v2\/posts\/12631\/revisions\/12633"}],"wp:attachment":[{"href":"https:\/\/blogdorogeriogomes.com.br\/noticias\/wp-json\/wp\/v2\/media?parent=12631"}],"wp:term":[{"taxonomy":"category","embeddable":true,"href":"https:\/\/blogdorogeriogomes.com.br\/noticias\/wp-json\/wp\/v2\/categories?post=12631"},{"taxonomy":"post_tag","embeddable":true,"href":"https:\/\/blogdorogeriogomes.com.br\/noticias\/wp-json\/wp\/v2\/tags?post=12631"}],"curies":[{"name":"wp","href":"https:\/\/api.w.org\/{rel}","templated":true}]}}