{"id":12634,"date":"2019-05-02T19:59:26","date_gmt":"2019-05-02T19:59:26","guid":{"rendered":"http:\/\/blogdorogeriogomes.com.br\/?p=12634"},"modified":"2019-05-02T19:59:26","modified_gmt":"2019-05-02T19:59:26","slug":"prefeitura-de-fortaleza-vai-construir-novo-viaduto-na-alberto-craveiro-sobre-a-br-116","status":"publish","type":"post","link":"https:\/\/blogdorogeriogomes.com.br\/noticias\/2019\/05\/prefeitura-de-fortaleza-vai-construir-novo-viaduto-na-alberto-craveiro-sobre-a-br-116\/","title":{"rendered":"Prefeitura de Fortaleza vai construir novo viaduto na Alberto Craveiro sobre a BR-116"},"content":{"rendered":"<p><img loading=\"lazy\" decoding=\"async\" class=\"alignnone size-medium wp-image-12635\" src=\"http:\/\/blogdorogeriogomes.com.br\/wp-content\/uploads\/2019\/05\/IMG_20190502_165430_592-300x168.jpg\" alt=\"IMG_20190502_165430_592\" width=\"300\" height=\"168\" srcset=\"https:\/\/blogdorogeriogomes.com.br\/noticias\/wp-content\/uploads\/2019\/05\/IMG_20190502_165430_592-300x168.jpg 300w, https:\/\/blogdorogeriogomes.com.br\/noticias\/wp-content\/uploads\/2019\/05\/IMG_20190502_165430_592.jpg 739w\" sizes=\"auto, (max-width: 300px) 100vw, 300px\" \/><\/p>\n<p>A Prefeitura de Fortaleza vai intervir em um dos maiores gargalos do tr\u00e2nsito da Capital: o viaduto da avenida Alberto Craveiro sobre a BR-116, que fica pr\u00f3ximo ao Makro. Para os mot<br \/>\noristas que v\u00eam da avenida Raul Barbosa ou da avenida Carlos Jereissati (Aeroporto), o tr\u00e2nsito no trecho sempre \u00e9 de muito congestionamento, principalmente, nos hor\u00e1rios de pico.<br \/>\nNesta sexta-feira, dia 3 de maio, o prefeito Roberto Cl\u00e1udio deve anunciar durante coletiva, no Pa\u00e7o Municipal, o projeto para a constru\u00e7\u00e3o de um novo viaduto. Tamb\u00e9m deve ser esclarecido como ficar\u00e1 o tr\u00e2nsito no trecho durante a execu\u00e7\u00e3o das obras.<\/p>\n","protected":false},"excerpt":{"rendered":"<p>A Prefeitura de Fortaleza vai intervir em um dos maiores gargalos do tr\u00e2nsito da Capital: o viaduto da avenida Alberto Craveiro sobre a BR-116, que fica pr\u00f3ximo ao Makro. Para os mot oristas que v\u00eam da avenida Raul Barbosa ou da avenida Carlos Jereissati (Aeroporto), o tr\u00e2nsito no trecho sempre \u00e9 de muito congestionamento, principalmente, nos hor\u00e1rios de pico. Nesta sexta-feira, dia 3 de maio, o prefeito Roberto Cl\u00e1udio deve anunciar durante coletiva, no Pa\u00e7o Municipal, o projeto para&hellip;<\/p>\n","protected":false},"author":1,"featured_media":0,"comment_status":"open","ping_status":"open","sticky":false,"template":"","format":"standard","meta":{"footnotes":""},"categories":[1],"tags":[],"class_list":["post-12634","post","type-post","status-publish","format-standard","hentry","category-noticias"],"_links":{"self":[{"href":"https:\/\/blogdorogeriogomes.com.br\/noticias\/wp-json\/wp\/v2\/posts\/12634","targetHints":{"allow":["GET"]}}],"collection":[{"href":"https:\/\/blogdorogeriogomes.com.br\/noticias\/wp-json\/wp\/v2\/posts"}],"about":[{"href":"https:\/\/blogdorogeriogomes.com.br\/noticias\/wp-json\/wp\/v2\/types\/post"}],"author":[{"embeddable":true,"href":"https:\/\/blogdorogeriogomes.com.br\/noticias\/wp-json\/wp\/v2\/users\/1"}],"replies":[{"embeddable":true,"href":"https:\/\/blogdorogeriogomes.com.br\/noticias\/wp-json\/wp\/v2\/comments?post=12634"}],"version-history":[{"count":1,"href":"https:\/\/blogdorogeriogomes.com.br\/noticias\/wp-json\/wp\/v2\/posts\/12634\/revisions"}],"predecessor-version":[{"id":12636,"href":"https:\/\/blogdorogeriogomes.com.br\/noticias\/wp-json\/wp\/v2\/posts\/12634\/revisions\/12636"}],"wp:attachment":[{"href":"https:\/\/blogdorogeriogomes.com.br\/noticias\/wp-json\/wp\/v2\/media?parent=12634"}],"wp:term":[{"taxonomy":"category","embeddable":true,"href":"https:\/\/blogdorogeriogomes.com.br\/noticias\/wp-json\/wp\/v2\/categories?post=12634"},{"taxonomy":"post_tag","embeddable":true,"href":"https:\/\/blogdorogeriogomes.com.br\/noticias\/wp-json\/wp\/v2\/tags?post=12634"}],"curies":[{"name":"wp","href":"https:\/\/api.w.org\/{rel}","templated":true}]}}