{"id":12637,"date":"2019-05-02T20:43:09","date_gmt":"2019-05-02T20:43:09","guid":{"rendered":"http:\/\/blogdorogeriogomes.com.br\/?p=12637"},"modified":"2019-05-02T20:43:09","modified_gmt":"2019-05-02T20:43:09","slug":"camilo-santana-sanciona-lei-que-torna-programa-ceara-atleta-em-politica-publica","status":"publish","type":"post","link":"https:\/\/blogdorogeriogomes.com.br\/noticias\/2019\/05\/camilo-santana-sanciona-lei-que-torna-programa-ceara-atleta-em-politica-publica\/","title":{"rendered":"Camilo Santana sanciona Lei que torna Programa Cear\u00e1 Atleta em pol\u00edtica p\u00fablica"},"content":{"rendered":"<p><img loading=\"lazy\" decoding=\"async\" class=\"alignnone size-medium wp-image-12638\" src=\"http:\/\/blogdorogeriogomes.com.br\/wp-content\/uploads\/2019\/05\/IMG_20190502_173711_030-300x241.jpg\" alt=\"IMG_20190502_173711_030\" width=\"300\" height=\"241\" srcset=\"https:\/\/blogdorogeriogomes.com.br\/noticias\/wp-content\/uploads\/2019\/05\/IMG_20190502_173711_030-300x241.jpg 300w, https:\/\/blogdorogeriogomes.com.br\/noticias\/wp-content\/uploads\/2019\/05\/IMG_20190502_173711_030-768x617.jpg 768w, https:\/\/blogdorogeriogomes.com.br\/noticias\/wp-content\/uploads\/2019\/05\/IMG_20190502_173711_030-1024x823.jpg 1024w, https:\/\/blogdorogeriogomes.com.br\/noticias\/wp-content\/uploads\/2019\/05\/IMG_20190502_173711_030.jpg 1658w\" sizes=\"auto, (max-width: 300px) 100vw, 300px\" \/><\/p>\n<p>J\u00e1 de volta da China, o governador do Cear\u00e1, Camilo Santana, sanciona a Lei Estadual, nesta sexta-feira, dia 3 de maio, que transforma o Programa Cear\u00e1 Atleta como pol\u00edtica p\u00fablica no Estado. Assim, o programa vai garantir a oferta de quatro mil bolsas, este ano, aos talentos esportivos do Cear\u00e1.<br \/>\nA Lei Estadual prev\u00ea tr\u00eas tipos de aux\u00edlios financeiros: o Bolsa Esporte, que \u00e9 destinado para pessoas com defici\u00eancia em situa\u00e7\u00e3o de vulnerabilidade social; o Bolsa Atleta, que contempla atletas e paratletas que j\u00e1 apresentam performance em sua modalidade, e o Bolsa Monitoramento, para estudantes de gradua\u00e7\u00e3o de Educa\u00e7\u00e3o F\u00edsica e Gest\u00e3o do Desporto e Lazer.<\/p>\n","protected":false},"excerpt":{"rendered":"<p>J\u00e1 de volta da China, o governador do Cear\u00e1, Camilo Santana, sanciona a Lei Estadual, nesta sexta-feira, dia 3 de maio, que transforma o Programa Cear\u00e1 Atleta como pol\u00edtica p\u00fablica no Estado. Assim, o programa vai garantir a oferta de quatro mil bolsas, este ano, aos talentos esportivos do Cear\u00e1. A Lei Estadual prev\u00ea tr\u00eas tipos de aux\u00edlios financeiros: o Bolsa Esporte, que \u00e9 destinado para pessoas com defici\u00eancia em situa\u00e7\u00e3o de vulnerabilidade social; o Bolsa Atleta, que contempla&hellip;<\/p>\n","protected":false},"author":1,"featured_media":0,"comment_status":"open","ping_status":"open","sticky":false,"template":"","format":"standard","meta":{"footnotes":""},"categories":[1],"tags":[],"class_list":["post-12637","post","type-post","status-publish","format-standard","hentry","category-noticias"],"_links":{"self":[{"href":"https:\/\/blogdorogeriogomes.com.br\/noticias\/wp-json\/wp\/v2\/posts\/12637","targetHints":{"allow":["GET"]}}],"collection":[{"href":"https:\/\/blogdorogeriogomes.com.br\/noticias\/wp-json\/wp\/v2\/posts"}],"about":[{"href":"https:\/\/blogdorogeriogomes.com.br\/noticias\/wp-json\/wp\/v2\/types\/post"}],"author":[{"embeddable":true,"href":"https:\/\/blogdorogeriogomes.com.br\/noticias\/wp-json\/wp\/v2\/users\/1"}],"replies":[{"embeddable":true,"href":"https:\/\/blogdorogeriogomes.com.br\/noticias\/wp-json\/wp\/v2\/comments?post=12637"}],"version-history":[{"count":1,"href":"https:\/\/blogdorogeriogomes.com.br\/noticias\/wp-json\/wp\/v2\/posts\/12637\/revisions"}],"predecessor-version":[{"id":12639,"href":"https:\/\/blogdorogeriogomes.com.br\/noticias\/wp-json\/wp\/v2\/posts\/12637\/revisions\/12639"}],"wp:attachment":[{"href":"https:\/\/blogdorogeriogomes.com.br\/noticias\/wp-json\/wp\/v2\/media?parent=12637"}],"wp:term":[{"taxonomy":"category","embeddable":true,"href":"https:\/\/blogdorogeriogomes.com.br\/noticias\/wp-json\/wp\/v2\/categories?post=12637"},{"taxonomy":"post_tag","embeddable":true,"href":"https:\/\/blogdorogeriogomes.com.br\/noticias\/wp-json\/wp\/v2\/tags?post=12637"}],"curies":[{"name":"wp","href":"https:\/\/api.w.org\/{rel}","templated":true}]}}