{"id":12641,"date":"2019-05-03T09:03:38","date_gmt":"2019-05-03T09:03:38","guid":{"rendered":"http:\/\/blogdorogeriogomes.com.br\/?p=12641"},"modified":"2019-05-03T09:03:38","modified_gmt":"2019-05-03T09:03:38","slug":"arce-autoriza-reajuste-de-passagem-de-onibus-na-regiao-metropolitana-de-fortaleza","status":"publish","type":"post","link":"https:\/\/blogdorogeriogomes.com.br\/noticias\/2019\/05\/arce-autoriza-reajuste-de-passagem-de-onibus-na-regiao-metropolitana-de-fortaleza\/","title":{"rendered":"Arce autoriza reajuste de passagem de \u00f4nibus na Regi\u00e3o Metropolitana de Fortaleza"},"content":{"rendered":"<p><img loading=\"lazy\" decoding=\"async\" class=\"alignnone size-medium wp-image-12642\" src=\"http:\/\/blogdorogeriogomes.com.br\/wp-content\/uploads\/2019\/05\/IMG_20190503_055915_788-300x227.jpg\" alt=\"IMG_20190503_055915_788\" width=\"300\" height=\"227\" srcset=\"https:\/\/blogdorogeriogomes.com.br\/noticias\/wp-content\/uploads\/2019\/05\/IMG_20190503_055915_788-300x227.jpg 300w, https:\/\/blogdorogeriogomes.com.br\/noticias\/wp-content\/uploads\/2019\/05\/IMG_20190503_055915_788.jpg 539w\" sizes=\"auto, (max-width: 300px) 100vw, 300px\" \/><br \/>\nA Ag\u00eancia Reguladora de Servi\u00e7os P\u00fablicos do Cear\u00e1 (Arce) confirmou o aumento no valor das passagens para quem utiliza os transportes coletivos intermunicipais.<br \/>\nOs novos valores v\u00e3o ser aplicados nas 75 linhas que atendem as cidades da Regi\u00e3o Metropolitana de Fortaleza. O aumento nas tarifas vai ser menor do que o solicitado pelas empresas. Os novos pre\u00e7os passam a valer quando a resolu\u00e7\u00e3o n\u00ba 248 for publicada no Di\u00e1rio Oficial do Estado. Os novos valores das passagens na RMF variam de R$ 3,75 a R$ 13,30.<br \/>\nAs empresas de \u00f4nibus alegam que o reajuste foi causado pela oferta de servi\u00e7os como aumento da frota equipada com ar condicionado e wifi, impostos pelo Decreto n\u00ba 32.136, de janeiro de 2017.<\/p>\n","protected":false},"excerpt":{"rendered":"<p>A Ag\u00eancia Reguladora de Servi\u00e7os P\u00fablicos do Cear\u00e1 (Arce) confirmou o aumento no valor das passagens para quem utiliza os transportes coletivos intermunicipais. Os novos valores v\u00e3o ser aplicados nas 75 linhas que atendem as cidades da Regi\u00e3o Metropolitana de Fortaleza. O aumento nas tarifas vai ser menor do que o solicitado pelas empresas. Os novos pre\u00e7os passam a valer quando a resolu\u00e7\u00e3o n\u00ba 248 for publicada no Di\u00e1rio Oficial do Estado. Os novos valores das passagens na RMF&hellip;<\/p>\n","protected":false},"author":1,"featured_media":0,"comment_status":"open","ping_status":"open","sticky":false,"template":"","format":"standard","meta":{"footnotes":""},"categories":[1],"tags":[],"class_list":["post-12641","post","type-post","status-publish","format-standard","hentry","category-noticias"],"_links":{"self":[{"href":"https:\/\/blogdorogeriogomes.com.br\/noticias\/wp-json\/wp\/v2\/posts\/12641","targetHints":{"allow":["GET"]}}],"collection":[{"href":"https:\/\/blogdorogeriogomes.com.br\/noticias\/wp-json\/wp\/v2\/posts"}],"about":[{"href":"https:\/\/blogdorogeriogomes.com.br\/noticias\/wp-json\/wp\/v2\/types\/post"}],"author":[{"embeddable":true,"href":"https:\/\/blogdorogeriogomes.com.br\/noticias\/wp-json\/wp\/v2\/users\/1"}],"replies":[{"embeddable":true,"href":"https:\/\/blogdorogeriogomes.com.br\/noticias\/wp-json\/wp\/v2\/comments?post=12641"}],"version-history":[{"count":1,"href":"https:\/\/blogdorogeriogomes.com.br\/noticias\/wp-json\/wp\/v2\/posts\/12641\/revisions"}],"predecessor-version":[{"id":12643,"href":"https:\/\/blogdorogeriogomes.com.br\/noticias\/wp-json\/wp\/v2\/posts\/12641\/revisions\/12643"}],"wp:attachment":[{"href":"https:\/\/blogdorogeriogomes.com.br\/noticias\/wp-json\/wp\/v2\/media?parent=12641"}],"wp:term":[{"taxonomy":"category","embeddable":true,"href":"https:\/\/blogdorogeriogomes.com.br\/noticias\/wp-json\/wp\/v2\/categories?post=12641"},{"taxonomy":"post_tag","embeddable":true,"href":"https:\/\/blogdorogeriogomes.com.br\/noticias\/wp-json\/wp\/v2\/tags?post=12641"}],"curies":[{"name":"wp","href":"https:\/\/api.w.org\/{rel}","templated":true}]}}