{"id":12644,"date":"2019-05-03T09:20:22","date_gmt":"2019-05-03T09:20:22","guid":{"rendered":"http:\/\/blogdorogeriogomes.com.br\/?p=12644"},"modified":"2019-05-03T09:20:22","modified_gmt":"2019-05-03T09:20:22","slug":"bolsonaro-aponta-marco-feliciano-como-interlocutor-no-congresso-nacional-dor-de-cabeca-para-mourao","status":"publish","type":"post","link":"https:\/\/blogdorogeriogomes.com.br\/noticias\/2019\/05\/bolsonaro-aponta-marco-feliciano-como-interlocutor-no-congresso-nacional-dor-de-cabeca-para-mourao\/","title":{"rendered":"Bolsonaro aponta Marco Feliciano como interlocutor no Congresso Nacional. Dor de cabe\u00e7a para Mour\u00e3o"},"content":{"rendered":"<p><img loading=\"lazy\" decoding=\"async\" class=\"alignnone size-medium wp-image-12645\" src=\"http:\/\/blogdorogeriogomes.com.br\/wp-content\/uploads\/2019\/05\/IMG_20190503_061628_779-300x248.jpg\" alt=\"IMG_20190503_061628_779\" width=\"300\" height=\"248\" srcset=\"https:\/\/blogdorogeriogomes.com.br\/noticias\/wp-content\/uploads\/2019\/05\/IMG_20190503_061628_779-300x248.jpg 300w, https:\/\/blogdorogeriogomes.com.br\/noticias\/wp-content\/uploads\/2019\/05\/IMG_20190503_061628_779-768x634.jpg 768w, https:\/\/blogdorogeriogomes.com.br\/noticias\/wp-content\/uploads\/2019\/05\/IMG_20190503_061628_779.jpg 827w\" sizes=\"auto, (max-width: 300px) 100vw, 300px\" \/><\/p>\n<p>Para dar ainda mais margem \u00e0s desaven\u00e7as com o vice Hamilton Mour\u00e3o, o presidente Jair Bolsonaro decidiu nomear o deputado federal Marco Feliciano (Podemos-SP) como um de seus interlocutores preferenciais no Congresso Nacional. O detalhe \u00e9 que Marco Feliciano \u00e9, nada mais, nada menos, que o autor do pedido de impeachment do vice-presidente, Hamilton Mour\u00e3o.<br \/>\nA aproxima\u00e7\u00e3o entre Bolsonaro e Feliciano foi percebida esta semana pelo fato de o deputado ter sido recebido pelo presidente por tr\u00eas vezes, inclusive, integrando a comitiva presidencial em eventos.<br \/>\nSe j\u00e1 n\u00e3o bastassem os filhos \u201cqueimando\u201d o General Mour\u00e3o nas redes sociais, o vice-presidente arranjou um interlocutor, autorizado por Bolsonaro, para deton\u00e1-lo nos corredores do Congresso. Vamos ver at\u00e9 onde vai essa briga de bastidores.<\/p>\n","protected":false},"excerpt":{"rendered":"<p>Para dar ainda mais margem \u00e0s desaven\u00e7as com o vice Hamilton Mour\u00e3o, o presidente Jair Bolsonaro decidiu nomear o deputado federal Marco Feliciano (Podemos-SP) como um de seus interlocutores preferenciais no Congresso Nacional. O detalhe \u00e9 que Marco Feliciano \u00e9, nada mais, nada menos, que o autor do pedido de impeachment do vice-presidente, Hamilton Mour\u00e3o. A aproxima\u00e7\u00e3o entre Bolsonaro e Feliciano foi percebida esta semana pelo fato de o deputado ter sido recebido pelo presidente por tr\u00eas vezes, inclusive,&hellip;<\/p>\n","protected":false},"author":1,"featured_media":0,"comment_status":"open","ping_status":"open","sticky":false,"template":"","format":"standard","meta":{"footnotes":""},"categories":[1],"tags":[],"class_list":["post-12644","post","type-post","status-publish","format-standard","hentry","category-noticias"],"_links":{"self":[{"href":"https:\/\/blogdorogeriogomes.com.br\/noticias\/wp-json\/wp\/v2\/posts\/12644","targetHints":{"allow":["GET"]}}],"collection":[{"href":"https:\/\/blogdorogeriogomes.com.br\/noticias\/wp-json\/wp\/v2\/posts"}],"about":[{"href":"https:\/\/blogdorogeriogomes.com.br\/noticias\/wp-json\/wp\/v2\/types\/post"}],"author":[{"embeddable":true,"href":"https:\/\/blogdorogeriogomes.com.br\/noticias\/wp-json\/wp\/v2\/users\/1"}],"replies":[{"embeddable":true,"href":"https:\/\/blogdorogeriogomes.com.br\/noticias\/wp-json\/wp\/v2\/comments?post=12644"}],"version-history":[{"count":1,"href":"https:\/\/blogdorogeriogomes.com.br\/noticias\/wp-json\/wp\/v2\/posts\/12644\/revisions"}],"predecessor-version":[{"id":12646,"href":"https:\/\/blogdorogeriogomes.com.br\/noticias\/wp-json\/wp\/v2\/posts\/12644\/revisions\/12646"}],"wp:attachment":[{"href":"https:\/\/blogdorogeriogomes.com.br\/noticias\/wp-json\/wp\/v2\/media?parent=12644"}],"wp:term":[{"taxonomy":"category","embeddable":true,"href":"https:\/\/blogdorogeriogomes.com.br\/noticias\/wp-json\/wp\/v2\/categories?post=12644"},{"taxonomy":"post_tag","embeddable":true,"href":"https:\/\/blogdorogeriogomes.com.br\/noticias\/wp-json\/wp\/v2\/tags?post=12644"}],"curies":[{"name":"wp","href":"https:\/\/api.w.org\/{rel}","templated":true}]}}