{"id":12647,"date":"2019-05-03T11:52:46","date_gmt":"2019-05-03T11:52:46","guid":{"rendered":"http:\/\/blogdorogeriogomes.com.br\/?p=12647"},"modified":"2019-05-03T11:52:46","modified_gmt":"2019-05-03T11:52:46","slug":"governadores-do-nordeste-vao-se-reunir-com-bolsonaro","status":"publish","type":"post","link":"https:\/\/blogdorogeriogomes.com.br\/noticias\/2019\/05\/governadores-do-nordeste-vao-se-reunir-com-bolsonaro\/","title":{"rendered":"Governadores do Nordeste v\u00e3o se reunir com Bolsonaro"},"content":{"rendered":"<p><img loading=\"lazy\" decoding=\"async\" class=\"alignnone size-medium wp-image-12648\" src=\"http:\/\/blogdorogeriogomes.com.br\/wp-content\/uploads\/2019\/05\/IMG_20190503_084659_022-300x300.jpg\" alt=\"IMG_20190503_084659_022\" width=\"300\" height=\"300\" srcset=\"https:\/\/blogdorogeriogomes.com.br\/noticias\/wp-content\/uploads\/2019\/05\/IMG_20190503_084659_022-300x300.jpg 300w, https:\/\/blogdorogeriogomes.com.br\/noticias\/wp-content\/uploads\/2019\/05\/IMG_20190503_084659_022-150x150.jpg 150w, https:\/\/blogdorogeriogomes.com.br\/noticias\/wp-content\/uploads\/2019\/05\/IMG_20190503_084659_022-768x768.jpg 768w, https:\/\/blogdorogeriogomes.com.br\/noticias\/wp-content\/uploads\/2019\/05\/IMG_20190503_084659_022-1024x1024.jpg 1024w\" sizes=\"auto, (max-width: 300px) 100vw, 300px\" \/><\/p>\n<p>Governadores do Nordeste devem se reunir na pr\u00f3xima semana com o presidente Jair Bolsonaro, em Bras\u00edlia, para expor demandas para regi\u00e3o. Confira mais detalhes na entrevista exclusiva com o governador do Cear\u00e1, Camilo Santana, nesta sexta-feira, dia 3 de maio, no Jornal da Cidade. Fique ligado na TV Cidade\/Record TV &#8211; Canal 8.1<\/p>\n","protected":false},"excerpt":{"rendered":"<p>Governadores do Nordeste devem se reunir na pr\u00f3xima semana com o presidente Jair Bolsonaro, em Bras\u00edlia, para expor demandas para regi\u00e3o. Confira mais detalhes na entrevista exclusiva com o governador do Cear\u00e1, Camilo Santana, nesta sexta-feira, dia 3 de maio, no Jornal da Cidade. Fique ligado na TV Cidade\/Record TV &#8211; Canal 8.1<\/p>\n","protected":false},"author":1,"featured_media":0,"comment_status":"open","ping_status":"open","sticky":false,"template":"","format":"standard","meta":{"footnotes":""},"categories":[1],"tags":[],"class_list":["post-12647","post","type-post","status-publish","format-standard","hentry","category-noticias"],"_links":{"self":[{"href":"https:\/\/blogdorogeriogomes.com.br\/noticias\/wp-json\/wp\/v2\/posts\/12647","targetHints":{"allow":["GET"]}}],"collection":[{"href":"https:\/\/blogdorogeriogomes.com.br\/noticias\/wp-json\/wp\/v2\/posts"}],"about":[{"href":"https:\/\/blogdorogeriogomes.com.br\/noticias\/wp-json\/wp\/v2\/types\/post"}],"author":[{"embeddable":true,"href":"https:\/\/blogdorogeriogomes.com.br\/noticias\/wp-json\/wp\/v2\/users\/1"}],"replies":[{"embeddable":true,"href":"https:\/\/blogdorogeriogomes.com.br\/noticias\/wp-json\/wp\/v2\/comments?post=12647"}],"version-history":[{"count":1,"href":"https:\/\/blogdorogeriogomes.com.br\/noticias\/wp-json\/wp\/v2\/posts\/12647\/revisions"}],"predecessor-version":[{"id":12649,"href":"https:\/\/blogdorogeriogomes.com.br\/noticias\/wp-json\/wp\/v2\/posts\/12647\/revisions\/12649"}],"wp:attachment":[{"href":"https:\/\/blogdorogeriogomes.com.br\/noticias\/wp-json\/wp\/v2\/media?parent=12647"}],"wp:term":[{"taxonomy":"category","embeddable":true,"href":"https:\/\/blogdorogeriogomes.com.br\/noticias\/wp-json\/wp\/v2\/categories?post=12647"},{"taxonomy":"post_tag","embeddable":true,"href":"https:\/\/blogdorogeriogomes.com.br\/noticias\/wp-json\/wp\/v2\/tags?post=12647"}],"curies":[{"name":"wp","href":"https:\/\/api.w.org\/{rel}","templated":true}]}}