{"id":12650,"date":"2019-05-03T22:02:55","date_gmt":"2019-05-03T22:02:55","guid":{"rendered":"http:\/\/blogdorogeriogomes.com.br\/?p=12650"},"modified":"2019-05-03T22:02:55","modified_gmt":"2019-05-03T22:02:55","slug":"al-lanca-campanha-de-cidadania-ideia-certa","status":"publish","type":"post","link":"https:\/\/blogdorogeriogomes.com.br\/noticias\/2019\/05\/al-lanca-campanha-de-cidadania-ideia-certa\/","title":{"rendered":"AL lan\u00e7a campanha de cidadania \u201cIdeia Certa\u201d"},"content":{"rendered":"<p><img loading=\"lazy\" decoding=\"async\" class=\"alignnone size-medium wp-image-12651\" src=\"http:\/\/blogdorogeriogomes.com.br\/wp-content\/uploads\/2019\/05\/51032910_3012533452105435_8182794060528877568_n-300x200.jpg\" alt=\"51032910_3012533452105435_8182794060528877568_n\" width=\"300\" height=\"200\" srcset=\"https:\/\/blogdorogeriogomes.com.br\/noticias\/wp-content\/uploads\/2019\/05\/51032910_3012533452105435_8182794060528877568_n-300x200.jpg 300w, https:\/\/blogdorogeriogomes.com.br\/noticias\/wp-content\/uploads\/2019\/05\/51032910_3012533452105435_8182794060528877568_n-768x512.jpg 768w, https:\/\/blogdorogeriogomes.com.br\/noticias\/wp-content\/uploads\/2019\/05\/51032910_3012533452105435_8182794060528877568_n.jpg 960w\" sizes=\"auto, (max-width: 300px) 100vw, 300px\" \/><br \/>\nA Assembleia Legislativa do Cear\u00e1 lan\u00e7a, nesta segunda-feira, dia 6 de maio, uma campanha de cidadania intitulada Ideia Certa. O Legislativo cearense vai estabelecer um calend\u00e1rio anual de a\u00e7\u00f5es para informar a popula\u00e7\u00e3o sobre direitos e deveres e conscientizar sobre assuntos como sustentabilidade, sa\u00fade e educa\u00e7\u00e3o. O primeiro tema da campanha \u00e9 Seguran\u00e7a no Tr\u00e2nsito, em alus\u00e3o ao Maio Amarelo, movimento internacional para redu\u00e7\u00e3o de acidentes.<br \/>\nNa pr\u00f3xima segunda-feira, estar\u00e1 dispon\u00edvel, no portal da Assembleia Legislativa, um hotsite que apresenta o conceito da iniciativa, que ter\u00e1 uma fase inicial de lan\u00e7amento na m\u00eddia e, em seguida, iniciam-se as a\u00e7\u00f5es tem\u00e1ticas. Al\u00e9m do site da Casa, redes sociais, TV Assembleia e FM Assembleia veicular\u00e3o a nova campanha.<br \/>\nDe acordo com o presidente da Assembleia, deputado Jos\u00e9 Sarto (PDT), a iniciativa vai pautar essas bandeiras de forma mais sistem\u00e1tica nos \u00f3rg\u00e3os, colegiados e ve\u00edculos de comunica\u00e7\u00e3o da Casa.<\/p>\n","protected":false},"excerpt":{"rendered":"<p>A Assembleia Legislativa do Cear\u00e1 lan\u00e7a, nesta segunda-feira, dia 6 de maio, uma campanha de cidadania intitulada Ideia Certa. O Legislativo cearense vai estabelecer um calend\u00e1rio anual de a\u00e7\u00f5es para informar a popula\u00e7\u00e3o sobre direitos e deveres e conscientizar sobre assuntos como sustentabilidade, sa\u00fade e educa\u00e7\u00e3o. O primeiro tema da campanha \u00e9 Seguran\u00e7a no Tr\u00e2nsito, em alus\u00e3o ao Maio Amarelo, movimento internacional para redu\u00e7\u00e3o de acidentes. Na pr\u00f3xima segunda-feira, estar\u00e1 dispon\u00edvel, no portal da Assembleia Legislativa, um hotsite que&hellip;<\/p>\n","protected":false},"author":1,"featured_media":0,"comment_status":"open","ping_status":"open","sticky":false,"template":"","format":"standard","meta":{"footnotes":""},"categories":[1],"tags":[],"class_list":["post-12650","post","type-post","status-publish","format-standard","hentry","category-noticias"],"_links":{"self":[{"href":"https:\/\/blogdorogeriogomes.com.br\/noticias\/wp-json\/wp\/v2\/posts\/12650","targetHints":{"allow":["GET"]}}],"collection":[{"href":"https:\/\/blogdorogeriogomes.com.br\/noticias\/wp-json\/wp\/v2\/posts"}],"about":[{"href":"https:\/\/blogdorogeriogomes.com.br\/noticias\/wp-json\/wp\/v2\/types\/post"}],"author":[{"embeddable":true,"href":"https:\/\/blogdorogeriogomes.com.br\/noticias\/wp-json\/wp\/v2\/users\/1"}],"replies":[{"embeddable":true,"href":"https:\/\/blogdorogeriogomes.com.br\/noticias\/wp-json\/wp\/v2\/comments?post=12650"}],"version-history":[{"count":1,"href":"https:\/\/blogdorogeriogomes.com.br\/noticias\/wp-json\/wp\/v2\/posts\/12650\/revisions"}],"predecessor-version":[{"id":12652,"href":"https:\/\/blogdorogeriogomes.com.br\/noticias\/wp-json\/wp\/v2\/posts\/12650\/revisions\/12652"}],"wp:attachment":[{"href":"https:\/\/blogdorogeriogomes.com.br\/noticias\/wp-json\/wp\/v2\/media?parent=12650"}],"wp:term":[{"taxonomy":"category","embeddable":true,"href":"https:\/\/blogdorogeriogomes.com.br\/noticias\/wp-json\/wp\/v2\/categories?post=12650"},{"taxonomy":"post_tag","embeddable":true,"href":"https:\/\/blogdorogeriogomes.com.br\/noticias\/wp-json\/wp\/v2\/tags?post=12650"}],"curies":[{"name":"wp","href":"https:\/\/api.w.org\/{rel}","templated":true}]}}