{"id":12653,"date":"2019-05-03T22:20:07","date_gmt":"2019-05-03T22:20:07","guid":{"rendered":"http:\/\/blogdorogeriogomes.com.br\/?p=12653"},"modified":"2019-05-03T22:20:07","modified_gmt":"2019-05-03T22:20:07","slug":"gol-vai-assumir-rota-aerea-entre-fortaleza-e-juazeiro-do-norte","status":"publish","type":"post","link":"https:\/\/blogdorogeriogomes.com.br\/noticias\/2019\/05\/gol-vai-assumir-rota-aerea-entre-fortaleza-e-juazeiro-do-norte\/","title":{"rendered":"Gol vai assumir rota a\u00e9rea entre Fortaleza e Juazeiro do Norte"},"content":{"rendered":"<p><img loading=\"lazy\" decoding=\"async\" class=\"alignnone size-medium wp-image-12654\" src=\"http:\/\/blogdorogeriogomes.com.br\/wp-content\/uploads\/2019\/05\/IMG_20190503_191424_593-300x225.jpg\" alt=\"IMG_20190503_191424_593\" width=\"300\" height=\"225\" srcset=\"https:\/\/blogdorogeriogomes.com.br\/noticias\/wp-content\/uploads\/2019\/05\/IMG_20190503_191424_593-300x225.jpg 300w, https:\/\/blogdorogeriogomes.com.br\/noticias\/wp-content\/uploads\/2019\/05\/IMG_20190503_191424_593.jpg 640w\" sizes=\"auto, (max-width: 300px) 100vw, 300px\" \/><\/p>\n<p>Uma boa not\u00edcia para os passageiros que ficaram sem os voos da Avianca Brasil entre Fortaleza e Juazeiro do Norte, na Regi\u00e3o do Cariri. A Gol anunciou, nesta sexta-feira, dia 3 de maio, que vai retomar os voos entre as suas cidades. A meta \u00e9 operar a frequ\u00eancia de quatro voos por semana. No entanto, ainda n\u00e3o foi definida uma data para iniciar a opera\u00e7\u00e3o.<br \/>\nIsto porque, a companhia a\u00e9rea aguarda libera\u00e7\u00e3o do Boeing 737 Max, que ficou suspenso pela Ag\u00eancia Nacional de Avia\u00e7\u00e3o Civil (Anac), depois de uma s\u00e9rie de problemas t\u00e9cnicos no modelo, para ent\u00e3o fazer a organiza\u00e7\u00e3o da malha vi\u00e1ria.<br \/>\nO secret\u00e1rio de Turismo do Cear\u00e1, Arialdo Pinho, tamb\u00e9m confirmou que a empresa a\u00e9rea Latam pretende operar uma rota ligando a cidade de Juazeiro do Norte a Bras\u00edlia (DF).<\/p>\n","protected":false},"excerpt":{"rendered":"<p>Uma boa not\u00edcia para os passageiros que ficaram sem os voos da Avianca Brasil entre Fortaleza e Juazeiro do Norte, na Regi\u00e3o do Cariri. A Gol anunciou, nesta sexta-feira, dia 3 de maio, que vai retomar os voos entre as suas cidades. A meta \u00e9 operar a frequ\u00eancia de quatro voos por semana. No entanto, ainda n\u00e3o foi definida uma data para iniciar a opera\u00e7\u00e3o. Isto porque, a companhia a\u00e9rea aguarda libera\u00e7\u00e3o do Boeing 737 Max, que ficou suspenso&hellip;<\/p>\n","protected":false},"author":1,"featured_media":0,"comment_status":"open","ping_status":"open","sticky":false,"template":"","format":"standard","meta":{"footnotes":""},"categories":[1],"tags":[],"class_list":["post-12653","post","type-post","status-publish","format-standard","hentry","category-noticias"],"_links":{"self":[{"href":"https:\/\/blogdorogeriogomes.com.br\/noticias\/wp-json\/wp\/v2\/posts\/12653","targetHints":{"allow":["GET"]}}],"collection":[{"href":"https:\/\/blogdorogeriogomes.com.br\/noticias\/wp-json\/wp\/v2\/posts"}],"about":[{"href":"https:\/\/blogdorogeriogomes.com.br\/noticias\/wp-json\/wp\/v2\/types\/post"}],"author":[{"embeddable":true,"href":"https:\/\/blogdorogeriogomes.com.br\/noticias\/wp-json\/wp\/v2\/users\/1"}],"replies":[{"embeddable":true,"href":"https:\/\/blogdorogeriogomes.com.br\/noticias\/wp-json\/wp\/v2\/comments?post=12653"}],"version-history":[{"count":1,"href":"https:\/\/blogdorogeriogomes.com.br\/noticias\/wp-json\/wp\/v2\/posts\/12653\/revisions"}],"predecessor-version":[{"id":12655,"href":"https:\/\/blogdorogeriogomes.com.br\/noticias\/wp-json\/wp\/v2\/posts\/12653\/revisions\/12655"}],"wp:attachment":[{"href":"https:\/\/blogdorogeriogomes.com.br\/noticias\/wp-json\/wp\/v2\/media?parent=12653"}],"wp:term":[{"taxonomy":"category","embeddable":true,"href":"https:\/\/blogdorogeriogomes.com.br\/noticias\/wp-json\/wp\/v2\/categories?post=12653"},{"taxonomy":"post_tag","embeddable":true,"href":"https:\/\/blogdorogeriogomes.com.br\/noticias\/wp-json\/wp\/v2\/tags?post=12653"}],"curies":[{"name":"wp","href":"https:\/\/api.w.org\/{rel}","templated":true}]}}