{"id":12656,"date":"2019-05-03T23:28:24","date_gmt":"2019-05-03T23:28:24","guid":{"rendered":"http:\/\/blogdorogeriogomes.com.br\/?p=12656"},"modified":"2019-05-03T23:28:24","modified_gmt":"2019-05-03T23:28:24","slug":"defesa-de-lula-define-que-vai-pedir-a-progressao-de-pena-do-ex-presidente-na-justica","status":"publish","type":"post","link":"https:\/\/blogdorogeriogomes.com.br\/noticias\/2019\/05\/defesa-de-lula-define-que-vai-pedir-a-progressao-de-pena-do-ex-presidente-na-justica\/","title":{"rendered":"Defesa de Lula define que vai pedir a progress\u00e3o de pena do ex-presidente na Justi\u00e7a"},"content":{"rendered":"<p><img loading=\"lazy\" decoding=\"async\" class=\"alignnone size-medium wp-image-12657\" src=\"http:\/\/blogdorogeriogomes.com.br\/wp-content\/uploads\/2019\/05\/IMG_20190503_202418_202-300x194.jpg\" alt=\"IMG_20190503_202418_202\" width=\"300\" height=\"194\" srcset=\"https:\/\/blogdorogeriogomes.com.br\/noticias\/wp-content\/uploads\/2019\/05\/IMG_20190503_202418_202-300x194.jpg 300w, https:\/\/blogdorogeriogomes.com.br\/noticias\/wp-content\/uploads\/2019\/05\/IMG_20190503_202418_202.jpg 350w\" sizes=\"auto, (max-width: 300px) 100vw, 300px\" \/><\/p>\n<p>Os advogados do ex-presidente Lula v\u00e3o pedir \u00e0 Justi\u00e7a para que ele deixe a pris\u00e3o. Eles tiveram uma reuni\u00e3o com o ex-presidente, nesta sexta-feira, dia 3 de maio, em Curitiba. A estrat\u00e9gia \u00e9 pedira progress\u00e3o de pena a qual Lula tem direito ap\u00f3s decis\u00e3o do Superior Tribunal de Justi\u00e7a, que reduziu sua pena em quatro anos, para oito anos e 10 meses de pris\u00e3o.<br \/>\nLula tinha confirmado em entrevista ao jornalista Kennedy Alencar, nesta sexta-feira, que admitiria pedir a progress\u00e3o de pena apenas na hip\u00f3tese de poder continuar ainda buscando provar a inoc\u00eancia na Justi\u00e7a.<br \/>\nConfira a nota dos advogados:<br \/>\n\u201cDefinimos hoje com o ex-presidente Lula que ser\u00e3o analisados e requeridos todos os seus direitos decorrentes do acolhimento parcial do recurso especial pelo Superior Tribunal de Justi\u00e7a no \u00faltimo dia 23. Naquela oportunidade o STJ reconheceu o abuso das penas aplicadas a Lula pelo ex-juiz S\u00e9rgio Moro e pelo TRF4.<br \/>\nO ac\u00f3rd\u00e3o do STJ ainda n\u00e3o foi publicado.<br \/>\nO eixo central da defesa t\u00e9cnica do ex-presidente Lula sempre foi e ser\u00e1 obter sua absolvi\u00e7\u00e3o, \u00fanico desfecho poss\u00edvel para algu\u00e9m que n\u00e3o praticou qualquer crime\u201d.<\/p>\n","protected":false},"excerpt":{"rendered":"<p>Os advogados do ex-presidente Lula v\u00e3o pedir \u00e0 Justi\u00e7a para que ele deixe a pris\u00e3o. Eles tiveram uma reuni\u00e3o com o ex-presidente, nesta sexta-feira, dia 3 de maio, em Curitiba. A estrat\u00e9gia \u00e9 pedira progress\u00e3o de pena a qual Lula tem direito ap\u00f3s decis\u00e3o do Superior Tribunal de Justi\u00e7a, que reduziu sua pena em quatro anos, para oito anos e 10 meses de pris\u00e3o. Lula tinha confirmado em entrevista ao jornalista Kennedy Alencar, nesta sexta-feira, que admitiria pedir a&hellip;<\/p>\n","protected":false},"author":1,"featured_media":0,"comment_status":"open","ping_status":"open","sticky":false,"template":"","format":"standard","meta":{"footnotes":""},"categories":[1],"tags":[],"class_list":["post-12656","post","type-post","status-publish","format-standard","hentry","category-noticias"],"_links":{"self":[{"href":"https:\/\/blogdorogeriogomes.com.br\/noticias\/wp-json\/wp\/v2\/posts\/12656","targetHints":{"allow":["GET"]}}],"collection":[{"href":"https:\/\/blogdorogeriogomes.com.br\/noticias\/wp-json\/wp\/v2\/posts"}],"about":[{"href":"https:\/\/blogdorogeriogomes.com.br\/noticias\/wp-json\/wp\/v2\/types\/post"}],"author":[{"embeddable":true,"href":"https:\/\/blogdorogeriogomes.com.br\/noticias\/wp-json\/wp\/v2\/users\/1"}],"replies":[{"embeddable":true,"href":"https:\/\/blogdorogeriogomes.com.br\/noticias\/wp-json\/wp\/v2\/comments?post=12656"}],"version-history":[{"count":1,"href":"https:\/\/blogdorogeriogomes.com.br\/noticias\/wp-json\/wp\/v2\/posts\/12656\/revisions"}],"predecessor-version":[{"id":12658,"href":"https:\/\/blogdorogeriogomes.com.br\/noticias\/wp-json\/wp\/v2\/posts\/12656\/revisions\/12658"}],"wp:attachment":[{"href":"https:\/\/blogdorogeriogomes.com.br\/noticias\/wp-json\/wp\/v2\/media?parent=12656"}],"wp:term":[{"taxonomy":"category","embeddable":true,"href":"https:\/\/blogdorogeriogomes.com.br\/noticias\/wp-json\/wp\/v2\/categories?post=12656"},{"taxonomy":"post_tag","embeddable":true,"href":"https:\/\/blogdorogeriogomes.com.br\/noticias\/wp-json\/wp\/v2\/tags?post=12656"}],"curies":[{"name":"wp","href":"https:\/\/api.w.org\/{rel}","templated":true}]}}