{"id":12660,"date":"2019-05-04T13:17:25","date_gmt":"2019-05-04T13:17:25","guid":{"rendered":"http:\/\/blogdorogeriogomes.com.br\/?p=12660"},"modified":"2019-05-04T13:17:25","modified_gmt":"2019-05-04T13:17:25","slug":"petrobras-confirma-reajuste-no-botijao-de-gas-a-partir-deste-domingo","status":"publish","type":"post","link":"https:\/\/blogdorogeriogomes.com.br\/noticias\/2019\/05\/petrobras-confirma-reajuste-no-botijao-de-gas-a-partir-deste-domingo\/","title":{"rendered":"Petrobras confirma reajuste no botij\u00e3o de g\u00e1s a partir deste domingo"},"content":{"rendered":"<p><img loading=\"lazy\" decoding=\"async\" class=\"alignnone size-medium wp-image-12661\" src=\"http:\/\/blogdorogeriogomes.com.br\/wp-content\/uploads\/2019\/05\/IMG_20190504_101333_988-300x214.jpg\" alt=\"IMG_20190504_101333_988\" width=\"300\" height=\"214\" srcset=\"https:\/\/blogdorogeriogomes.com.br\/noticias\/wp-content\/uploads\/2019\/05\/IMG_20190504_101333_988-300x214.jpg 300w, https:\/\/blogdorogeriogomes.com.br\/noticias\/wp-content\/uploads\/2019\/05\/IMG_20190504_101333_988.jpg 754w\" sizes=\"auto, (max-width: 300px) 100vw, 300px\" \/><\/p>\n<p>Preparem os bolsos que vem mais um aumento por a\u00ed. A Petrobras comunicou \u00e0s distribuidoras que o pre\u00e7o do g\u00e1s ser\u00e1 reajustado a partir da meia noite deste domingo, dia 5 de maio. O reajuste vai oscilar de 3,3% a 3,6%, dependendo do polo de suprimento. O botij\u00e3o de 13kg j\u00e1 acumula avan\u00e7o de 38% desde o in\u00edcio de 2018.<br \/>\nInteressante \u00e9 que o aumento acontece uma semana depois de o ministro da Economia, Paulo Guedes, prometer reduzir o pre\u00e7o do g\u00e1s pela metade.<\/p>\n","protected":false},"excerpt":{"rendered":"<p>Preparem os bolsos que vem mais um aumento por a\u00ed. A Petrobras comunicou \u00e0s distribuidoras que o pre\u00e7o do g\u00e1s ser\u00e1 reajustado a partir da meia noite deste domingo, dia 5 de maio. O reajuste vai oscilar de 3,3% a 3,6%, dependendo do polo de suprimento. O botij\u00e3o de 13kg j\u00e1 acumula avan\u00e7o de 38% desde o in\u00edcio de 2018. Interessante \u00e9 que o aumento acontece uma semana depois de o ministro da Economia, Paulo Guedes, prometer reduzir o&hellip;<\/p>\n","protected":false},"author":1,"featured_media":0,"comment_status":"open","ping_status":"open","sticky":false,"template":"","format":"standard","meta":{"footnotes":""},"categories":[1],"tags":[],"class_list":["post-12660","post","type-post","status-publish","format-standard","hentry","category-noticias"],"_links":{"self":[{"href":"https:\/\/blogdorogeriogomes.com.br\/noticias\/wp-json\/wp\/v2\/posts\/12660","targetHints":{"allow":["GET"]}}],"collection":[{"href":"https:\/\/blogdorogeriogomes.com.br\/noticias\/wp-json\/wp\/v2\/posts"}],"about":[{"href":"https:\/\/blogdorogeriogomes.com.br\/noticias\/wp-json\/wp\/v2\/types\/post"}],"author":[{"embeddable":true,"href":"https:\/\/blogdorogeriogomes.com.br\/noticias\/wp-json\/wp\/v2\/users\/1"}],"replies":[{"embeddable":true,"href":"https:\/\/blogdorogeriogomes.com.br\/noticias\/wp-json\/wp\/v2\/comments?post=12660"}],"version-history":[{"count":1,"href":"https:\/\/blogdorogeriogomes.com.br\/noticias\/wp-json\/wp\/v2\/posts\/12660\/revisions"}],"predecessor-version":[{"id":12662,"href":"https:\/\/blogdorogeriogomes.com.br\/noticias\/wp-json\/wp\/v2\/posts\/12660\/revisions\/12662"}],"wp:attachment":[{"href":"https:\/\/blogdorogeriogomes.com.br\/noticias\/wp-json\/wp\/v2\/media?parent=12660"}],"wp:term":[{"taxonomy":"category","embeddable":true,"href":"https:\/\/blogdorogeriogomes.com.br\/noticias\/wp-json\/wp\/v2\/categories?post=12660"},{"taxonomy":"post_tag","embeddable":true,"href":"https:\/\/blogdorogeriogomes.com.br\/noticias\/wp-json\/wp\/v2\/tags?post=12660"}],"curies":[{"name":"wp","href":"https:\/\/api.w.org\/{rel}","templated":true}]}}