{"id":12663,"date":"2019-05-06T11:45:54","date_gmt":"2019-05-06T11:45:54","guid":{"rendered":"http:\/\/blogdorogeriogomes.com.br\/?p=12663"},"modified":"2019-05-06T11:45:54","modified_gmt":"2019-05-06T11:45:54","slug":"municipio-de-cascavel-elege-novo-prefeito","status":"publish","type":"post","link":"https:\/\/blogdorogeriogomes.com.br\/noticias\/2019\/05\/municipio-de-cascavel-elege-novo-prefeito\/","title":{"rendered":"Munic\u00edpio de Cascavel elege novo prefeito"},"content":{"rendered":"<p><img loading=\"lazy\" decoding=\"async\" class=\"alignnone size-medium wp-image-12664\" src=\"http:\/\/blogdorogeriogomes.com.br\/wp-content\/uploads\/2019\/05\/IMG_20190506_084256_821-300x298.jpg\" alt=\"IMG_20190506_084256_821\" width=\"300\" height=\"298\" srcset=\"https:\/\/blogdorogeriogomes.com.br\/noticias\/wp-content\/uploads\/2019\/05\/IMG_20190506_084256_821-300x298.jpg 300w, https:\/\/blogdorogeriogomes.com.br\/noticias\/wp-content\/uploads\/2019\/05\/IMG_20190506_084256_821-150x150.jpg 150w, https:\/\/blogdorogeriogomes.com.br\/noticias\/wp-content\/uploads\/2019\/05\/IMG_20190506_084256_821.jpg 371w\" sizes=\"auto, (max-width: 300px) 100vw, 300px\" \/><\/p>\n<p>O munic\u00edpio de Cascavel, na Regi\u00e3o Metropolitana de Fortaleza, tem novo prefeito. Nas elei\u00e7\u00f5es realizadas neste domingo, dia 5 de maio, foi eleito Tiago Ribeiro, da chapa Pra fazer Diferente (PPS\/PATRI\/PR\/PT\/PCdoB). Ele teve 41,80% dos votos v\u00e1lidos (16.558).<br \/>\nA nova elei\u00e7\u00e3o em Cascavel aconteceu devido a cassa\u00e7\u00e3o dos mandatos da prefeita Francisca Ivonete Mateus Pereira e do vice-prefeito Waltemar Matias de Sousa, ambos filiados ao PDT.<\/p>\n","protected":false},"excerpt":{"rendered":"<p>O munic\u00edpio de Cascavel, na Regi\u00e3o Metropolitana de Fortaleza, tem novo prefeito. Nas elei\u00e7\u00f5es realizadas neste domingo, dia 5 de maio, foi eleito Tiago Ribeiro, da chapa Pra fazer Diferente (PPS\/PATRI\/PR\/PT\/PCdoB). Ele teve 41,80% dos votos v\u00e1lidos (16.558). A nova elei\u00e7\u00e3o em Cascavel aconteceu devido a cassa\u00e7\u00e3o dos mandatos da prefeita Francisca Ivonete Mateus Pereira e do vice-prefeito Waltemar Matias de Sousa, ambos filiados ao PDT.<\/p>\n","protected":false},"author":1,"featured_media":0,"comment_status":"open","ping_status":"open","sticky":false,"template":"","format":"standard","meta":{"footnotes":""},"categories":[1],"tags":[],"class_list":["post-12663","post","type-post","status-publish","format-standard","hentry","category-noticias"],"_links":{"self":[{"href":"https:\/\/blogdorogeriogomes.com.br\/noticias\/wp-json\/wp\/v2\/posts\/12663","targetHints":{"allow":["GET"]}}],"collection":[{"href":"https:\/\/blogdorogeriogomes.com.br\/noticias\/wp-json\/wp\/v2\/posts"}],"about":[{"href":"https:\/\/blogdorogeriogomes.com.br\/noticias\/wp-json\/wp\/v2\/types\/post"}],"author":[{"embeddable":true,"href":"https:\/\/blogdorogeriogomes.com.br\/noticias\/wp-json\/wp\/v2\/users\/1"}],"replies":[{"embeddable":true,"href":"https:\/\/blogdorogeriogomes.com.br\/noticias\/wp-json\/wp\/v2\/comments?post=12663"}],"version-history":[{"count":1,"href":"https:\/\/blogdorogeriogomes.com.br\/noticias\/wp-json\/wp\/v2\/posts\/12663\/revisions"}],"predecessor-version":[{"id":12665,"href":"https:\/\/blogdorogeriogomes.com.br\/noticias\/wp-json\/wp\/v2\/posts\/12663\/revisions\/12665"}],"wp:attachment":[{"href":"https:\/\/blogdorogeriogomes.com.br\/noticias\/wp-json\/wp\/v2\/media?parent=12663"}],"wp:term":[{"taxonomy":"category","embeddable":true,"href":"https:\/\/blogdorogeriogomes.com.br\/noticias\/wp-json\/wp\/v2\/categories?post=12663"},{"taxonomy":"post_tag","embeddable":true,"href":"https:\/\/blogdorogeriogomes.com.br\/noticias\/wp-json\/wp\/v2\/tags?post=12663"}],"curies":[{"name":"wp","href":"https:\/\/api.w.org\/{rel}","templated":true}]}}