{"id":12666,"date":"2019-05-06T12:06:10","date_gmt":"2019-05-06T12:06:10","guid":{"rendered":"http:\/\/blogdorogeriogomes.com.br\/?p=12666"},"modified":"2019-05-06T12:06:10","modified_gmt":"2019-05-06T12:06:10","slug":"medidas-tomadas-pelo-governo-bolsonaro-devem-ser-avaliadas-pelo-stf","status":"publish","type":"post","link":"https:\/\/blogdorogeriogomes.com.br\/noticias\/2019\/05\/medidas-tomadas-pelo-governo-bolsonaro-devem-ser-avaliadas-pelo-stf\/","title":{"rendered":"Medidas tomadas pelo Governo Bolsonaro devem ser avaliadas pelo STF"},"content":{"rendered":"<p><img loading=\"lazy\" decoding=\"async\" class=\"alignnone size-medium wp-image-12667\" src=\"http:\/\/blogdorogeriogomes.com.br\/wp-content\/uploads\/2019\/05\/IMG_20190506_090328_065-300x297.jpg\" alt=\"IMG_20190506_090328_065\" width=\"300\" height=\"297\" srcset=\"https:\/\/blogdorogeriogomes.com.br\/noticias\/wp-content\/uploads\/2019\/05\/IMG_20190506_090328_065-300x297.jpg 300w, https:\/\/blogdorogeriogomes.com.br\/noticias\/wp-content\/uploads\/2019\/05\/IMG_20190506_090328_065-150x150.jpg 150w, https:\/\/blogdorogeriogomes.com.br\/noticias\/wp-content\/uploads\/2019\/05\/IMG_20190506_090328_065.jpg 340w\" sizes=\"auto, (max-width: 300px) 100vw, 300px\" \/><\/p>\n<p>As principais medidas tomadas pelo Governo Bolsonaro este ano j\u00e1 s\u00e3o alvo de a\u00e7\u00f5es no Supremo Tribunal Federal (STF) e devem ser avaliadas em plen\u00e1rio pelos ministros. Entre as medidas questionadas est\u00e3o a transfer\u00eancia das demarca\u00e7\u00f5es ind\u00edgenas da Funai (Funda\u00e7\u00e3o Nacional do \u00cdndio) para o Minist\u00e9rio da Agricultura e o decreto que ampliou as hip\u00f3teses que autorizam a posse de arma, promessa de campanha de Bolsonaro.<br \/>\nTamb\u00e9m s\u00e3o alvo de a\u00e7\u00f5es o corte no or\u00e7amento das universidades p\u00fablicas federais, a extin\u00e7\u00e3o do Minist\u00e9rio do Trabalho, o fim do desconto em folha da contribui\u00e7\u00e3o sindical e a extin\u00e7\u00e3o de conselhos de participa\u00e7\u00e3o popular no governo.<\/p>\n","protected":false},"excerpt":{"rendered":"<p>As principais medidas tomadas pelo Governo Bolsonaro este ano j\u00e1 s\u00e3o alvo de a\u00e7\u00f5es no Supremo Tribunal Federal (STF) e devem ser avaliadas em plen\u00e1rio pelos ministros. Entre as medidas questionadas est\u00e3o a transfer\u00eancia das demarca\u00e7\u00f5es ind\u00edgenas da Funai (Funda\u00e7\u00e3o Nacional do \u00cdndio) para o Minist\u00e9rio da Agricultura e o decreto que ampliou as hip\u00f3teses que autorizam a posse de arma, promessa de campanha de Bolsonaro. Tamb\u00e9m s\u00e3o alvo de a\u00e7\u00f5es o corte no or\u00e7amento das universidades p\u00fablicas federais,&hellip;<\/p>\n","protected":false},"author":1,"featured_media":0,"comment_status":"open","ping_status":"open","sticky":false,"template":"","format":"standard","meta":{"footnotes":""},"categories":[1],"tags":[],"class_list":["post-12666","post","type-post","status-publish","format-standard","hentry","category-noticias"],"_links":{"self":[{"href":"https:\/\/blogdorogeriogomes.com.br\/noticias\/wp-json\/wp\/v2\/posts\/12666","targetHints":{"allow":["GET"]}}],"collection":[{"href":"https:\/\/blogdorogeriogomes.com.br\/noticias\/wp-json\/wp\/v2\/posts"}],"about":[{"href":"https:\/\/blogdorogeriogomes.com.br\/noticias\/wp-json\/wp\/v2\/types\/post"}],"author":[{"embeddable":true,"href":"https:\/\/blogdorogeriogomes.com.br\/noticias\/wp-json\/wp\/v2\/users\/1"}],"replies":[{"embeddable":true,"href":"https:\/\/blogdorogeriogomes.com.br\/noticias\/wp-json\/wp\/v2\/comments?post=12666"}],"version-history":[{"count":1,"href":"https:\/\/blogdorogeriogomes.com.br\/noticias\/wp-json\/wp\/v2\/posts\/12666\/revisions"}],"predecessor-version":[{"id":12668,"href":"https:\/\/blogdorogeriogomes.com.br\/noticias\/wp-json\/wp\/v2\/posts\/12666\/revisions\/12668"}],"wp:attachment":[{"href":"https:\/\/blogdorogeriogomes.com.br\/noticias\/wp-json\/wp\/v2\/media?parent=12666"}],"wp:term":[{"taxonomy":"category","embeddable":true,"href":"https:\/\/blogdorogeriogomes.com.br\/noticias\/wp-json\/wp\/v2\/categories?post=12666"},{"taxonomy":"post_tag","embeddable":true,"href":"https:\/\/blogdorogeriogomes.com.br\/noticias\/wp-json\/wp\/v2\/tags?post=12666"}],"curies":[{"name":"wp","href":"https:\/\/api.w.org\/{rel}","templated":true}]}}