{"id":12669,"date":"2019-05-06T19:50:18","date_gmt":"2019-05-06T19:50:18","guid":{"rendered":"http:\/\/blogdorogeriogomes.com.br\/?p=12669"},"modified":"2019-05-06T19:50:18","modified_gmt":"2019-05-06T19:50:18","slug":"justica-suspende-leilao-da-avianca-programado-para-esta-terca-feira","status":"publish","type":"post","link":"https:\/\/blogdorogeriogomes.com.br\/noticias\/2019\/05\/justica-suspende-leilao-da-avianca-programado-para-esta-terca-feira\/","title":{"rendered":"Justi\u00e7a suspende leil\u00e3o da Avianca programado para esta ter\u00e7a-feira"},"content":{"rendered":"<p><img loading=\"lazy\" decoding=\"async\" class=\"alignnone size-medium wp-image-12670\" src=\"http:\/\/blogdorogeriogomes.com.br\/wp-content\/uploads\/2019\/05\/IMG_20190506_164609_767-300x200.jpg\" alt=\"IMG_20190506_164609_767\" width=\"300\" height=\"200\" srcset=\"https:\/\/blogdorogeriogomes.com.br\/noticias\/wp-content\/uploads\/2019\/05\/IMG_20190506_164609_767-300x200.jpg 300w, https:\/\/blogdorogeriogomes.com.br\/noticias\/wp-content\/uploads\/2019\/05\/IMG_20190506_164609_767.jpg 768w\" sizes=\"auto, (max-width: 300px) 100vw, 300px\" \/><\/p>\n<p>O leil\u00e3o da Avianca Brasil que estava previsto para esta ter\u00e7a-feira, dia 7 de maio, foi suspenso pela Justi\u00e7a de S\u00e3o Paulo. O desembargador Ricardo Negr\u00e3o, do Tribunal de Justi\u00e7a de S\u00e3o Paulo suspendeu o leil\u00e3o por meio de uma liminar, atendendo a um pedido da credora Swissport, que busca anular o plano de recupera\u00e7\u00e3o judicial aprovado.<br \/>\nA empresa afirma que o acordo do fundo Elliott, maior credor da companhia a\u00e9rea, com Gol e Latam representa um conflito de interesses, j\u00e1 que o acordo previu o recebimento de valores pelo fundo antes mesmo da aprova\u00e7\u00e3o do plano.<br \/>\nA Swissport tamb\u00e9m questiona a legalidade de leiloar slots (autoriza\u00e7\u00f5es de pousos e decolagens), que n\u00e3o s\u00e3o ativos da Avianca.<\/p>\n","protected":false},"excerpt":{"rendered":"<p>O leil\u00e3o da Avianca Brasil que estava previsto para esta ter\u00e7a-feira, dia 7 de maio, foi suspenso pela Justi\u00e7a de S\u00e3o Paulo. O desembargador Ricardo Negr\u00e3o, do Tribunal de Justi\u00e7a de S\u00e3o Paulo suspendeu o leil\u00e3o por meio de uma liminar, atendendo a um pedido da credora Swissport, que busca anular o plano de recupera\u00e7\u00e3o judicial aprovado. A empresa afirma que o acordo do fundo Elliott, maior credor da companhia a\u00e9rea, com Gol e Latam representa um conflito de&hellip;<\/p>\n","protected":false},"author":1,"featured_media":0,"comment_status":"open","ping_status":"open","sticky":false,"template":"","format":"standard","meta":{"footnotes":""},"categories":[1],"tags":[],"class_list":["post-12669","post","type-post","status-publish","format-standard","hentry","category-noticias"],"_links":{"self":[{"href":"https:\/\/blogdorogeriogomes.com.br\/noticias\/wp-json\/wp\/v2\/posts\/12669","targetHints":{"allow":["GET"]}}],"collection":[{"href":"https:\/\/blogdorogeriogomes.com.br\/noticias\/wp-json\/wp\/v2\/posts"}],"about":[{"href":"https:\/\/blogdorogeriogomes.com.br\/noticias\/wp-json\/wp\/v2\/types\/post"}],"author":[{"embeddable":true,"href":"https:\/\/blogdorogeriogomes.com.br\/noticias\/wp-json\/wp\/v2\/users\/1"}],"replies":[{"embeddable":true,"href":"https:\/\/blogdorogeriogomes.com.br\/noticias\/wp-json\/wp\/v2\/comments?post=12669"}],"version-history":[{"count":1,"href":"https:\/\/blogdorogeriogomes.com.br\/noticias\/wp-json\/wp\/v2\/posts\/12669\/revisions"}],"predecessor-version":[{"id":12671,"href":"https:\/\/blogdorogeriogomes.com.br\/noticias\/wp-json\/wp\/v2\/posts\/12669\/revisions\/12671"}],"wp:attachment":[{"href":"https:\/\/blogdorogeriogomes.com.br\/noticias\/wp-json\/wp\/v2\/media?parent=12669"}],"wp:term":[{"taxonomy":"category","embeddable":true,"href":"https:\/\/blogdorogeriogomes.com.br\/noticias\/wp-json\/wp\/v2\/categories?post=12669"},{"taxonomy":"post_tag","embeddable":true,"href":"https:\/\/blogdorogeriogomes.com.br\/noticias\/wp-json\/wp\/v2\/tags?post=12669"}],"curies":[{"name":"wp","href":"https:\/\/api.w.org\/{rel}","templated":true}]}}