{"id":12680,"date":"2019-05-07T09:16:40","date_gmt":"2019-05-07T09:16:40","guid":{"rendered":"http:\/\/blogdorogeriogomes.com.br\/?p=12680"},"modified":"2019-05-07T09:16:40","modified_gmt":"2019-05-07T09:16:40","slug":"morte-de-vereador-luciram-girao-suspende-trabalhos-na-camara-municipal-de-fortaleza","status":"publish","type":"post","link":"https:\/\/blogdorogeriogomes.com.br\/noticias\/2019\/05\/morte-de-vereador-luciram-girao-suspende-trabalhos-na-camara-municipal-de-fortaleza\/","title":{"rendered":"Morte de vereador Luciram Gir\u00e3o suspende trabalhos na C\u00e2mara Municipal de Fortaleza"},"content":{"rendered":"<p><img loading=\"lazy\" decoding=\"async\" class=\"alignnone size-medium wp-image-12681\" src=\"http:\/\/blogdorogeriogomes.com.br\/wp-content\/uploads\/2019\/05\/IMG_20190507_061147_481-300x214.jpg\" alt=\"IMG_20190507_061147_481\" width=\"300\" height=\"214\" srcset=\"https:\/\/blogdorogeriogomes.com.br\/noticias\/wp-content\/uploads\/2019\/05\/IMG_20190507_061147_481-300x214.jpg 300w, https:\/\/blogdorogeriogomes.com.br\/noticias\/wp-content\/uploads\/2019\/05\/IMG_20190507_061147_481.jpg 517w\" sizes=\"auto, (max-width: 300px) 100vw, 300px\" \/><\/p>\n<p>O presidente da C\u00e2mara Municipal de Fortaleza, Ant\u00f4nio Henrique, decretou luto oficial de tr\u00eas dias com a morte do vereador Luciram Gir\u00e3o. Assim, toda a programa\u00e7\u00e3o da Casa foi suspensa. At\u00e9 uma sess\u00e3o solene, prevista para esta quarta-feira, dia 8 de maio, que entregaria a Medalha Botic\u00e1rio Ferreira a Eliana Gomes foi cancelada.<br \/>\nLuciram Gir\u00e3o era do PDT e morreu aos 68 anos. Eleito em 2016 com 8.239 votos, o vereador estava no quarto mandato. O vel\u00f3rio acontece no plen\u00e1rio da C\u00e2mara Municipal e o enterro ser\u00e1 em Maranguape.<\/p>\n","protected":false},"excerpt":{"rendered":"<p>O presidente da C\u00e2mara Municipal de Fortaleza, Ant\u00f4nio Henrique, decretou luto oficial de tr\u00eas dias com a morte do vereador Luciram Gir\u00e3o. Assim, toda a programa\u00e7\u00e3o da Casa foi suspensa. At\u00e9 uma sess\u00e3o solene, prevista para esta quarta-feira, dia 8 de maio, que entregaria a Medalha Botic\u00e1rio Ferreira a Eliana Gomes foi cancelada. Luciram Gir\u00e3o era do PDT e morreu aos 68 anos. Eleito em 2016 com 8.239 votos, o vereador estava no quarto mandato. O vel\u00f3rio acontece no&hellip;<\/p>\n","protected":false},"author":1,"featured_media":0,"comment_status":"open","ping_status":"open","sticky":false,"template":"","format":"standard","meta":{"footnotes":""},"categories":[1],"tags":[],"class_list":["post-12680","post","type-post","status-publish","format-standard","hentry","category-noticias"],"_links":{"self":[{"href":"https:\/\/blogdorogeriogomes.com.br\/noticias\/wp-json\/wp\/v2\/posts\/12680","targetHints":{"allow":["GET"]}}],"collection":[{"href":"https:\/\/blogdorogeriogomes.com.br\/noticias\/wp-json\/wp\/v2\/posts"}],"about":[{"href":"https:\/\/blogdorogeriogomes.com.br\/noticias\/wp-json\/wp\/v2\/types\/post"}],"author":[{"embeddable":true,"href":"https:\/\/blogdorogeriogomes.com.br\/noticias\/wp-json\/wp\/v2\/users\/1"}],"replies":[{"embeddable":true,"href":"https:\/\/blogdorogeriogomes.com.br\/noticias\/wp-json\/wp\/v2\/comments?post=12680"}],"version-history":[{"count":1,"href":"https:\/\/blogdorogeriogomes.com.br\/noticias\/wp-json\/wp\/v2\/posts\/12680\/revisions"}],"predecessor-version":[{"id":12682,"href":"https:\/\/blogdorogeriogomes.com.br\/noticias\/wp-json\/wp\/v2\/posts\/12680\/revisions\/12682"}],"wp:attachment":[{"href":"https:\/\/blogdorogeriogomes.com.br\/noticias\/wp-json\/wp\/v2\/media?parent=12680"}],"wp:term":[{"taxonomy":"category","embeddable":true,"href":"https:\/\/blogdorogeriogomes.com.br\/noticias\/wp-json\/wp\/v2\/categories?post=12680"},{"taxonomy":"post_tag","embeddable":true,"href":"https:\/\/blogdorogeriogomes.com.br\/noticias\/wp-json\/wp\/v2\/tags?post=12680"}],"curies":[{"name":"wp","href":"https:\/\/api.w.org\/{rel}","templated":true}]}}