{"id":12683,"date":"2019-05-07T09:18:05","date_gmt":"2019-05-07T09:18:05","guid":{"rendered":"http:\/\/blogdorogeriogomes.com.br\/?p=12683"},"modified":"2019-05-07T09:18:05","modified_gmt":"2019-05-07T09:18:05","slug":"pauta-acumulada-deve-gerar-varias-votacoes-no-legislativo-estadual-nesta-terca-feira","status":"publish","type":"post","link":"https:\/\/blogdorogeriogomes.com.br\/noticias\/2019\/05\/pauta-acumulada-deve-gerar-varias-votacoes-no-legislativo-estadual-nesta-terca-feira\/","title":{"rendered":"Pauta acumulada deve gerar v\u00e1rias vota\u00e7\u00f5es no Legislativo Estadual nesta ter\u00e7a-feira"},"content":{"rendered":"<p><img loading=\"lazy\" decoding=\"async\" class=\"alignnone size-medium wp-image-12684\" src=\"http:\/\/blogdorogeriogomes.com.br\/wp-content\/uploads\/2019\/05\/IMG_20190507_061243_901-300x200.jpg\" alt=\"IMG_20190507_061243_901\" width=\"300\" height=\"200\" srcset=\"https:\/\/blogdorogeriogomes.com.br\/noticias\/wp-content\/uploads\/2019\/05\/IMG_20190507_061243_901-300x200.jpg 300w, https:\/\/blogdorogeriogomes.com.br\/noticias\/wp-content\/uploads\/2019\/05\/IMG_20190507_061243_901-768x512.jpg 768w, https:\/\/blogdorogeriogomes.com.br\/noticias\/wp-content\/uploads\/2019\/05\/IMG_20190507_061243_901.jpg 900w\" sizes=\"auto, (max-width: 300px) 100vw, 300px\" \/><\/p>\n<p>O feriado de 1\u00b0 de maio, a falta de sess\u00e3o na quinta-feira passada, dia 2, devido a morte de um ex-deputado, e a aus\u00eancia de qu\u00f3rum na \u00faltima sexta-feira, dia 3 de maio, deixaram v\u00e1rios projetos pendentes de vota\u00e7\u00e3o na Assembleia Legislativa. Muitos deles devem ir a plen\u00e1rio nesta ter\u00e7a-feira, dia 7.<br \/>\nEntre eles, o aval \u00e0 cria\u00e7\u00e3o do chamado &#8220;Cons\u00f3rcio Nordeste&#8221;. Trata-se de uma autarquia que ser\u00e1 composta pelos nove estados da regi\u00e3o para articular pol\u00edticas p\u00fablicas conjuntas, bem como pautas comuns.<br \/>\nTamb\u00e9m devem ser votadas, nesta ter\u00e7a-feira, a desburocratiza\u00e7\u00e3o da inclus\u00e3o de im\u00f3veis como garantia para d\u00edvida com o Estado, al\u00e9m da altera\u00e7\u00e3o de lei que regulamenta a desapropria\u00e7\u00e3o de im\u00f3veis na Comunidade do Dend\u00ea, e sua respectiva indeniza\u00e7\u00e3o. O Governo alega que a lei n\u00e3o contempla im\u00f3veis avaliados de R$ 50 mil.<\/p>\n","protected":false},"excerpt":{"rendered":"<p>O feriado de 1\u00b0 de maio, a falta de sess\u00e3o na quinta-feira passada, dia 2, devido a morte de um ex-deputado, e a aus\u00eancia de qu\u00f3rum na \u00faltima sexta-feira, dia 3 de maio, deixaram v\u00e1rios projetos pendentes de vota\u00e7\u00e3o na Assembleia Legislativa. Muitos deles devem ir a plen\u00e1rio nesta ter\u00e7a-feira, dia 7. Entre eles, o aval \u00e0 cria\u00e7\u00e3o do chamado &#8220;Cons\u00f3rcio Nordeste&#8221;. Trata-se de uma autarquia que ser\u00e1 composta pelos nove estados da regi\u00e3o para articular pol\u00edticas p\u00fablicas conjuntas,&hellip;<\/p>\n","protected":false},"author":1,"featured_media":0,"comment_status":"open","ping_status":"open","sticky":false,"template":"","format":"standard","meta":{"footnotes":""},"categories":[1],"tags":[],"class_list":["post-12683","post","type-post","status-publish","format-standard","hentry","category-noticias"],"_links":{"self":[{"href":"https:\/\/blogdorogeriogomes.com.br\/noticias\/wp-json\/wp\/v2\/posts\/12683","targetHints":{"allow":["GET"]}}],"collection":[{"href":"https:\/\/blogdorogeriogomes.com.br\/noticias\/wp-json\/wp\/v2\/posts"}],"about":[{"href":"https:\/\/blogdorogeriogomes.com.br\/noticias\/wp-json\/wp\/v2\/types\/post"}],"author":[{"embeddable":true,"href":"https:\/\/blogdorogeriogomes.com.br\/noticias\/wp-json\/wp\/v2\/users\/1"}],"replies":[{"embeddable":true,"href":"https:\/\/blogdorogeriogomes.com.br\/noticias\/wp-json\/wp\/v2\/comments?post=12683"}],"version-history":[{"count":1,"href":"https:\/\/blogdorogeriogomes.com.br\/noticias\/wp-json\/wp\/v2\/posts\/12683\/revisions"}],"predecessor-version":[{"id":12685,"href":"https:\/\/blogdorogeriogomes.com.br\/noticias\/wp-json\/wp\/v2\/posts\/12683\/revisions\/12685"}],"wp:attachment":[{"href":"https:\/\/blogdorogeriogomes.com.br\/noticias\/wp-json\/wp\/v2\/media?parent=12683"}],"wp:term":[{"taxonomy":"category","embeddable":true,"href":"https:\/\/blogdorogeriogomes.com.br\/noticias\/wp-json\/wp\/v2\/categories?post=12683"},{"taxonomy":"post_tag","embeddable":true,"href":"https:\/\/blogdorogeriogomes.com.br\/noticias\/wp-json\/wp\/v2\/tags?post=12683"}],"curies":[{"name":"wp","href":"https:\/\/api.w.org\/{rel}","templated":true}]}}