{"id":12686,"date":"2019-05-07T20:52:57","date_gmt":"2019-05-07T20:52:57","guid":{"rendered":"http:\/\/blogdorogeriogomes.com.br\/?p=12686"},"modified":"2019-05-07T20:52:57","modified_gmt":"2019-05-07T20:52:57","slug":"corte-em-verbas-das-universidades-federais-comeca-a-gerar-protestos-tambem-no-ceara","status":"publish","type":"post","link":"https:\/\/blogdorogeriogomes.com.br\/noticias\/2019\/05\/corte-em-verbas-das-universidades-federais-comeca-a-gerar-protestos-tambem-no-ceara\/","title":{"rendered":"Corte em verbas das universidades federais come\u00e7a a gerar protestos tamb\u00e9m no Cear\u00e1"},"content":{"rendered":"<p><img loading=\"lazy\" decoding=\"async\" class=\"alignnone size-medium wp-image-12687\" src=\"http:\/\/blogdorogeriogomes.com.br\/wp-content\/uploads\/2019\/05\/IMG_20190507_174920_873-300x199.jpg\" alt=\"IMG_20190507_174920_873\" width=\"300\" height=\"199\" srcset=\"https:\/\/blogdorogeriogomes.com.br\/noticias\/wp-content\/uploads\/2019\/05\/IMG_20190507_174920_873-300x199.jpg 300w, https:\/\/blogdorogeriogomes.com.br\/noticias\/wp-content\/uploads\/2019\/05\/IMG_20190507_174920_873.jpg 680w\" sizes=\"auto, (max-width: 300px) 100vw, 300px\" \/><\/p>\n<p>Depois da Universidade Federal do Cariri, agora \u00e9 a vez da Universidade Federal do Cear\u00e1 (UFC) protestar contra os cortes no repasse de verbas pelo Governo Federal. O reitor da UFC, Henry Campos, lan\u00e7ou nota em que lamenta um corte de R$ 46,5 milh\u00f5es para a manuten\u00e7\u00e3o da Universidade Federal do Cear\u00e1, o que representa uma redu\u00e7\u00e3o de 30% do total dispon\u00edvel.<br \/>\nA UFC conta hoje com 43 mil alunos, 118 cursos de gradua\u00e7\u00e3o e 116 de p\u00f3s-gradua\u00e7\u00e3o. Na nota, o reitor mostra preocupa\u00e7\u00e3o com a possibilidade dos cortes promovidos pelo Minist\u00e9rio da Educa\u00e7\u00e3o inviabilizaram o funcionamento das institui\u00e7\u00f5es p\u00fablicas de ensino superior. A redu\u00e7\u00e3o nos repasses na educa\u00e7\u00e3o chegam a at\u00e9 R$ 108 milh\u00f5es para unidades federais no Cear\u00e1.<br \/>\n\u201cNa Universidade Federal do Cear\u00e1, sabemos dos graves efeitos que a medida trar\u00e1 a nossas atividades de ensino, pesquisa e extens\u00e3o, todas elas dimensionadas a partir de uma dota\u00e7\u00e3o or\u00e7ament\u00e1ria longamente discutida e aprovada pelo Congresso Nacional\u201d, diz a nota da UFC.<br \/>\nO ministro da Educa\u00e7\u00e3o, Abraham Weintraub, sustentou no Congresso Nacional que a redu\u00e7\u00e3o em 30% do or\u00e7amento das universidades p\u00fablicas do pa\u00eds \u00e9 um &#8220;contingenciamento&#8221;, e n\u00e3o um &#8220;corte&#8221; de investimentos.<br \/>\nEm audi\u00eancia na Comiss\u00e3o de Educa\u00e7\u00e3o do Senado, o ministro chamou de &#8220;desastre&#8221; e &#8220;trag\u00e9dia&#8221; o Fies, programa de financiamento estudantil criado no governo Fernando Henrique Cardoso (PSDB) e ampliado na gest\u00e3o Luiz In\u00e1cio Lula da Silva (PT).<br \/>\nQuero ver se o ministro Abraham Weintraub tem coragem de fazer essa afirma\u00e7\u00e3o na cara de um universit\u00e1rio que precisa de financiamento p\u00fablico para cursar o ensino superior.<\/p>\n","protected":false},"excerpt":{"rendered":"<p>Depois da Universidade Federal do Cariri, agora \u00e9 a vez da Universidade Federal do Cear\u00e1 (UFC) protestar contra os cortes no repasse de verbas pelo Governo Federal. O reitor da UFC, Henry Campos, lan\u00e7ou nota em que lamenta um corte de R$ 46,5 milh\u00f5es para a manuten\u00e7\u00e3o da Universidade Federal do Cear\u00e1, o que representa uma redu\u00e7\u00e3o de 30% do total dispon\u00edvel. A UFC conta hoje com 43 mil alunos, 118 cursos de gradua\u00e7\u00e3o e 116 de p\u00f3s-gradua\u00e7\u00e3o. Na&hellip;<\/p>\n","protected":false},"author":1,"featured_media":0,"comment_status":"open","ping_status":"open","sticky":false,"template":"","format":"standard","meta":{"footnotes":""},"categories":[1],"tags":[],"class_list":["post-12686","post","type-post","status-publish","format-standard","hentry","category-noticias"],"_links":{"self":[{"href":"https:\/\/blogdorogeriogomes.com.br\/noticias\/wp-json\/wp\/v2\/posts\/12686","targetHints":{"allow":["GET"]}}],"collection":[{"href":"https:\/\/blogdorogeriogomes.com.br\/noticias\/wp-json\/wp\/v2\/posts"}],"about":[{"href":"https:\/\/blogdorogeriogomes.com.br\/noticias\/wp-json\/wp\/v2\/types\/post"}],"author":[{"embeddable":true,"href":"https:\/\/blogdorogeriogomes.com.br\/noticias\/wp-json\/wp\/v2\/users\/1"}],"replies":[{"embeddable":true,"href":"https:\/\/blogdorogeriogomes.com.br\/noticias\/wp-json\/wp\/v2\/comments?post=12686"}],"version-history":[{"count":1,"href":"https:\/\/blogdorogeriogomes.com.br\/noticias\/wp-json\/wp\/v2\/posts\/12686\/revisions"}],"predecessor-version":[{"id":12688,"href":"https:\/\/blogdorogeriogomes.com.br\/noticias\/wp-json\/wp\/v2\/posts\/12686\/revisions\/12688"}],"wp:attachment":[{"href":"https:\/\/blogdorogeriogomes.com.br\/noticias\/wp-json\/wp\/v2\/media?parent=12686"}],"wp:term":[{"taxonomy":"category","embeddable":true,"href":"https:\/\/blogdorogeriogomes.com.br\/noticias\/wp-json\/wp\/v2\/categories?post=12686"},{"taxonomy":"post_tag","embeddable":true,"href":"https:\/\/blogdorogeriogomes.com.br\/noticias\/wp-json\/wp\/v2\/tags?post=12686"}],"curies":[{"name":"wp","href":"https:\/\/api.w.org\/{rel}","templated":true}]}}