{"id":12690,"date":"2019-05-07T21:23:52","date_gmt":"2019-05-07T21:23:52","guid":{"rendered":"http:\/\/blogdorogeriogomes.com.br\/?p=12690"},"modified":"2019-05-07T21:23:52","modified_gmt":"2019-05-07T21:23:52","slug":"governo-federal-deve-recriar-ministerios-das-cidades-e-integracao","status":"publish","type":"post","link":"https:\/\/blogdorogeriogomes.com.br\/noticias\/2019\/05\/governo-federal-deve-recriar-ministerios-das-cidades-e-integracao\/","title":{"rendered":"Governo Federal deve recriar Minist\u00e9rios das Cidades e Integra\u00e7\u00e3o"},"content":{"rendered":"<p><img loading=\"lazy\" decoding=\"async\" class=\"alignnone size-medium wp-image-12691\" src=\"http:\/\/blogdorogeriogomes.com.br\/wp-content\/uploads\/2019\/05\/IMG_20190507_181710_223-300x257.jpg\" alt=\"IMG_20190507_181710_223\" width=\"300\" height=\"257\" srcset=\"https:\/\/blogdorogeriogomes.com.br\/noticias\/wp-content\/uploads\/2019\/05\/IMG_20190507_181710_223-300x257.jpg 300w, https:\/\/blogdorogeriogomes.com.br\/noticias\/wp-content\/uploads\/2019\/05\/IMG_20190507_181710_223.jpg 527w\" sizes=\"auto, (max-width: 300px) 100vw, 300px\" \/><\/p>\n<p>Na tentativa de agradar l\u00edderes partid\u00e1rios e tentar aprovar na comiss\u00e3o especial do Congresso Nacional a medida provis\u00f3ria da reforma administrativa, o presidente Jair Bolsonaro cedeu e agora deve desmembrar o Minist\u00e9rio do Desenvolvimento Regional. Assim, ser\u00e3o recriados os Minist\u00e9rios das Cidades e da Integra\u00e7\u00e3o.<br \/>\nQuem confirmou foi o pr\u00f3prio relator da MP da reforma administrativa, o senador Fernando Bezerra Coelho (MDB-PE), ap\u00f3s reuni\u00e3o com o ministro da Economia, Paulo Guedes.<br \/>\nA expectativa \u00e9 que as duas novas pastas sejam comandadas por pol\u00edticos. Atualmente, apenas integrantes de DEM, MDB, Novo e PSL s\u00e3o ministros no Governo Bolsonaro. A t\u00e1tica \u00e9 a qualquer custo aumentar a rede de alian\u00e7a, de olho na reforma da Previd\u00eancia.<\/p>\n","protected":false},"excerpt":{"rendered":"<p>Na tentativa de agradar l\u00edderes partid\u00e1rios e tentar aprovar na comiss\u00e3o especial do Congresso Nacional a medida provis\u00f3ria da reforma administrativa, o presidente Jair Bolsonaro cedeu e agora deve desmembrar o Minist\u00e9rio do Desenvolvimento Regional. Assim, ser\u00e3o recriados os Minist\u00e9rios das Cidades e da Integra\u00e7\u00e3o. Quem confirmou foi o pr\u00f3prio relator da MP da reforma administrativa, o senador Fernando Bezerra Coelho (MDB-PE), ap\u00f3s reuni\u00e3o com o ministro da Economia, Paulo Guedes. A expectativa \u00e9 que as duas novas pastas&hellip;<\/p>\n","protected":false},"author":1,"featured_media":0,"comment_status":"open","ping_status":"open","sticky":false,"template":"","format":"standard","meta":{"footnotes":""},"categories":[1],"tags":[],"class_list":["post-12690","post","type-post","status-publish","format-standard","hentry","category-noticias"],"_links":{"self":[{"href":"https:\/\/blogdorogeriogomes.com.br\/noticias\/wp-json\/wp\/v2\/posts\/12690","targetHints":{"allow":["GET"]}}],"collection":[{"href":"https:\/\/blogdorogeriogomes.com.br\/noticias\/wp-json\/wp\/v2\/posts"}],"about":[{"href":"https:\/\/blogdorogeriogomes.com.br\/noticias\/wp-json\/wp\/v2\/types\/post"}],"author":[{"embeddable":true,"href":"https:\/\/blogdorogeriogomes.com.br\/noticias\/wp-json\/wp\/v2\/users\/1"}],"replies":[{"embeddable":true,"href":"https:\/\/blogdorogeriogomes.com.br\/noticias\/wp-json\/wp\/v2\/comments?post=12690"}],"version-history":[{"count":1,"href":"https:\/\/blogdorogeriogomes.com.br\/noticias\/wp-json\/wp\/v2\/posts\/12690\/revisions"}],"predecessor-version":[{"id":12692,"href":"https:\/\/blogdorogeriogomes.com.br\/noticias\/wp-json\/wp\/v2\/posts\/12690\/revisions\/12692"}],"wp:attachment":[{"href":"https:\/\/blogdorogeriogomes.com.br\/noticias\/wp-json\/wp\/v2\/media?parent=12690"}],"wp:term":[{"taxonomy":"category","embeddable":true,"href":"https:\/\/blogdorogeriogomes.com.br\/noticias\/wp-json\/wp\/v2\/categories?post=12690"},{"taxonomy":"post_tag","embeddable":true,"href":"https:\/\/blogdorogeriogomes.com.br\/noticias\/wp-json\/wp\/v2\/tags?post=12690"}],"curies":[{"name":"wp","href":"https:\/\/api.w.org\/{rel}","templated":true}]}}