{"id":12693,"date":"2019-05-08T09:16:38","date_gmt":"2019-05-08T09:16:38","guid":{"rendered":"http:\/\/blogdorogeriogomes.com.br\/?p=12693"},"modified":"2019-05-08T09:16:38","modified_gmt":"2019-05-08T09:16:38","slug":"comissao-do-senado-aprova-emprestimo-de-us-150-milhoes-para-fortaleza","status":"publish","type":"post","link":"https:\/\/blogdorogeriogomes.com.br\/noticias\/2019\/05\/comissao-do-senado-aprova-emprestimo-de-us-150-milhoes-para-fortaleza\/","title":{"rendered":"Comiss\u00e3o do Senado aprova empr\u00e9stimo de US$ 150 milh\u00f5es para Fortaleza"},"content":{"rendered":"<p><img loading=\"lazy\" decoding=\"async\" class=\"alignnone size-medium wp-image-12694\" src=\"http:\/\/blogdorogeriogomes.com.br\/wp-content\/uploads\/2019\/05\/IMG_20190508_061116_634-300x248.jpg\" alt=\"IMG_20190508_061116_634\" width=\"300\" height=\"248\" srcset=\"https:\/\/blogdorogeriogomes.com.br\/noticias\/wp-content\/uploads\/2019\/05\/IMG_20190508_061116_634-300x248.jpg 300w, https:\/\/blogdorogeriogomes.com.br\/noticias\/wp-content\/uploads\/2019\/05\/IMG_20190508_061116_634.jpg 545w\" sizes=\"auto, (max-width: 300px) 100vw, 300px\" \/><\/p>\n<p>A Prefeitura de Fortaleza assegurou na Comiss\u00e3o de Assuntos Econ\u00f4micos, do Senado Federal, a autoriza\u00e7\u00e3o para obter empr\u00e9stimo internacional de US$ 150 milh\u00f5es, junto \u00e0 Corpora\u00e7\u00e3o Andina de Fomento (CAF). O recurso deve ser destinado ao financiamento parcial do Programa de Infraestrutura em Educa\u00e7\u00e3o e Saneamento (Proinfra). Agora, a autoriza\u00e7\u00e3o segue com urg\u00eancia para aprecia\u00e7\u00e3o do plen\u00e1rio do Senado.<br \/>\nO relat\u00f3rio favor\u00e1vel \u00e0 negocia\u00e7\u00e3o do cr\u00e9dito externo n\u00e3o teve obst\u00e1culos apresentados pela Secretaria do Tesouro Nacional e nem pela Procuradoria-Geral da Fazenda Nacional.<br \/>\nA mat\u00e9ria foi encaminhada em regime de urg\u00eancia ao plen\u00e1rio da Casa por solicita\u00e7\u00e3o do senador cearense Tasso Jereissati (PSDB), ap\u00f3s sua aprova\u00e7\u00e3o mais cedo na Comiss\u00e3o de Assuntos Econ\u00f4micos De acordo com senador Tasso, a \u201cimport\u00e2ncia desse empr\u00e9stimo para a cidade de Fortaleza (ocorre) por se tratar de recursos destinados a dois problemas b\u00e1sico da nossa regi\u00e3o e do Pa\u00eds: educa\u00e7\u00e3o e ao saneamento b\u00e1sico\u201d.<\/p>\n","protected":false},"excerpt":{"rendered":"<p>A Prefeitura de Fortaleza assegurou na Comiss\u00e3o de Assuntos Econ\u00f4micos, do Senado Federal, a autoriza\u00e7\u00e3o para obter empr\u00e9stimo internacional de US$ 150 milh\u00f5es, junto \u00e0 Corpora\u00e7\u00e3o Andina de Fomento (CAF). O recurso deve ser destinado ao financiamento parcial do Programa de Infraestrutura em Educa\u00e7\u00e3o e Saneamento (Proinfra). Agora, a autoriza\u00e7\u00e3o segue com urg\u00eancia para aprecia\u00e7\u00e3o do plen\u00e1rio do Senado. O relat\u00f3rio favor\u00e1vel \u00e0 negocia\u00e7\u00e3o do cr\u00e9dito externo n\u00e3o teve obst\u00e1culos apresentados pela Secretaria do Tesouro Nacional e nem pela&hellip;<\/p>\n","protected":false},"author":1,"featured_media":0,"comment_status":"open","ping_status":"open","sticky":false,"template":"","format":"standard","meta":{"footnotes":""},"categories":[1],"tags":[],"class_list":["post-12693","post","type-post","status-publish","format-standard","hentry","category-noticias"],"_links":{"self":[{"href":"https:\/\/blogdorogeriogomes.com.br\/noticias\/wp-json\/wp\/v2\/posts\/12693","targetHints":{"allow":["GET"]}}],"collection":[{"href":"https:\/\/blogdorogeriogomes.com.br\/noticias\/wp-json\/wp\/v2\/posts"}],"about":[{"href":"https:\/\/blogdorogeriogomes.com.br\/noticias\/wp-json\/wp\/v2\/types\/post"}],"author":[{"embeddable":true,"href":"https:\/\/blogdorogeriogomes.com.br\/noticias\/wp-json\/wp\/v2\/users\/1"}],"replies":[{"embeddable":true,"href":"https:\/\/blogdorogeriogomes.com.br\/noticias\/wp-json\/wp\/v2\/comments?post=12693"}],"version-history":[{"count":1,"href":"https:\/\/blogdorogeriogomes.com.br\/noticias\/wp-json\/wp\/v2\/posts\/12693\/revisions"}],"predecessor-version":[{"id":12695,"href":"https:\/\/blogdorogeriogomes.com.br\/noticias\/wp-json\/wp\/v2\/posts\/12693\/revisions\/12695"}],"wp:attachment":[{"href":"https:\/\/blogdorogeriogomes.com.br\/noticias\/wp-json\/wp\/v2\/media?parent=12693"}],"wp:term":[{"taxonomy":"category","embeddable":true,"href":"https:\/\/blogdorogeriogomes.com.br\/noticias\/wp-json\/wp\/v2\/categories?post=12693"},{"taxonomy":"post_tag","embeddable":true,"href":"https:\/\/blogdorogeriogomes.com.br\/noticias\/wp-json\/wp\/v2\/tags?post=12693"}],"curies":[{"name":"wp","href":"https:\/\/api.w.org\/{rel}","templated":true}]}}