{"id":12696,"date":"2019-05-08T09:29:13","date_gmt":"2019-05-08T09:29:13","guid":{"rendered":"http:\/\/blogdorogeriogomes.com.br\/?p=12696"},"modified":"2019-05-08T09:29:13","modified_gmt":"2019-05-08T09:29:13","slug":"assembleia-legislativa-aprova-projeto-que-estabelece-cobranca-de-tornozeleira-eletronica-dos-presos","status":"publish","type":"post","link":"https:\/\/blogdorogeriogomes.com.br\/noticias\/2019\/05\/assembleia-legislativa-aprova-projeto-que-estabelece-cobranca-de-tornozeleira-eletronica-dos-presos\/","title":{"rendered":"Assembleia Legislativa aprova projeto que estabelece cobran\u00e7a de tornozeleira eletr\u00f4nica dos presos"},"content":{"rendered":"<p><img loading=\"lazy\" decoding=\"async\" class=\"alignnone size-medium wp-image-12697\" src=\"http:\/\/blogdorogeriogomes.com.br\/wp-content\/uploads\/2019\/05\/IMG_20190508_062608_206-300x225.jpg\" alt=\"IMG_20190508_062608_206\" width=\"300\" height=\"225\" srcset=\"https:\/\/blogdorogeriogomes.com.br\/noticias\/wp-content\/uploads\/2019\/05\/IMG_20190508_062608_206-300x225.jpg 300w, https:\/\/blogdorogeriogomes.com.br\/noticias\/wp-content\/uploads\/2019\/05\/IMG_20190508_062608_206.jpg 639w\" sizes=\"auto, (max-width: 300px) 100vw, 300px\" \/><br \/>\nE<span style=\"font-size: 0.8rem;\">m meio a v\u00e1rias pautas pendentes de vota\u00e7\u00e3o, a Assembleia Legislativa do Cear\u00e1 aprovou, nesta ter\u00e7a-feira, dia 7 de maio, o projeto que estabelece cobran\u00e7a aos presos pelo uso de tornozeleiras eletr\u00f4nicas. No projeto ficou definido o crit\u00e9rio que o apenado ir\u00e1 arcar com os custos quando ficar provado se tem condi\u00e7\u00f5es de pagar pelo uso do equipamentos.\u00a0<\/span><\/p>\n<p>A lei \u00e9 semelhante a uma j\u00e1 existente no Rio Grande do Norte, onde Luiz Mauro Albuquerque, secret\u00e1rio de Administra\u00e7\u00e3o Penitenci\u00e1ria do Cear\u00e1, atuava na administra\u00e7\u00e3o prisional at\u00e9 2018. O objetivo \u00e9 diminuir o gasto do Estado com as tornozeleiras. O Cear\u00e1 tem atualmente 24.500 presos, de acordo com a Secretaria de Administra\u00e7\u00e3o Penitenci\u00e1ria. Destes, 3.762 s\u00e3o monitorados com o equipamento.<\/p>\n","protected":false},"excerpt":{"rendered":"<p>Em meio a v\u00e1rias pautas pendentes de vota\u00e7\u00e3o, a Assembleia Legislativa do Cear\u00e1 aprovou, nesta ter\u00e7a-feira, dia 7 de maio, o projeto que estabelece cobran\u00e7a aos presos pelo uso de tornozeleiras eletr\u00f4nicas. No projeto ficou definido o crit\u00e9rio que o apenado ir\u00e1 arcar com os custos quando ficar provado se tem condi\u00e7\u00f5es de pagar pelo uso do equipamentos.\u00a0 A lei \u00e9 semelhante a uma j\u00e1 existente no Rio Grande do Norte, onde Luiz Mauro Albuquerque, secret\u00e1rio de Administra\u00e7\u00e3o Penitenci\u00e1ria&hellip;<\/p>\n","protected":false},"author":1,"featured_media":0,"comment_status":"open","ping_status":"open","sticky":false,"template":"","format":"standard","meta":{"footnotes":""},"categories":[1],"tags":[],"class_list":["post-12696","post","type-post","status-publish","format-standard","hentry","category-noticias"],"_links":{"self":[{"href":"https:\/\/blogdorogeriogomes.com.br\/noticias\/wp-json\/wp\/v2\/posts\/12696","targetHints":{"allow":["GET"]}}],"collection":[{"href":"https:\/\/blogdorogeriogomes.com.br\/noticias\/wp-json\/wp\/v2\/posts"}],"about":[{"href":"https:\/\/blogdorogeriogomes.com.br\/noticias\/wp-json\/wp\/v2\/types\/post"}],"author":[{"embeddable":true,"href":"https:\/\/blogdorogeriogomes.com.br\/noticias\/wp-json\/wp\/v2\/users\/1"}],"replies":[{"embeddable":true,"href":"https:\/\/blogdorogeriogomes.com.br\/noticias\/wp-json\/wp\/v2\/comments?post=12696"}],"version-history":[{"count":1,"href":"https:\/\/blogdorogeriogomes.com.br\/noticias\/wp-json\/wp\/v2\/posts\/12696\/revisions"}],"predecessor-version":[{"id":12698,"href":"https:\/\/blogdorogeriogomes.com.br\/noticias\/wp-json\/wp\/v2\/posts\/12696\/revisions\/12698"}],"wp:attachment":[{"href":"https:\/\/blogdorogeriogomes.com.br\/noticias\/wp-json\/wp\/v2\/media?parent=12696"}],"wp:term":[{"taxonomy":"category","embeddable":true,"href":"https:\/\/blogdorogeriogomes.com.br\/noticias\/wp-json\/wp\/v2\/categories?post=12696"},{"taxonomy":"post_tag","embeddable":true,"href":"https:\/\/blogdorogeriogomes.com.br\/noticias\/wp-json\/wp\/v2\/tags?post=12696"}],"curies":[{"name":"wp","href":"https:\/\/api.w.org\/{rel}","templated":true}]}}