{"id":12701,"date":"2019-05-08T19:50:31","date_gmt":"2019-05-08T19:50:31","guid":{"rendered":"http:\/\/blogdorogeriogomes.com.br\/?p=12701"},"modified":"2019-05-08T19:50:31","modified_gmt":"2019-05-08T19:50:31","slug":"decreto-de-bolsonaro-sobre-armas-nao-tem-relacao-com-seguranca-publica-diz-moro","status":"publish","type":"post","link":"https:\/\/blogdorogeriogomes.com.br\/noticias\/2019\/05\/decreto-de-bolsonaro-sobre-armas-nao-tem-relacao-com-seguranca-publica-diz-moro\/","title":{"rendered":"Decreto de Bolsonaro sobre armas n\u00e3o tem rela\u00e7\u00e3o com seguran\u00e7a p\u00fablica, diz Moro"},"content":{"rendered":"<p><img loading=\"lazy\" decoding=\"async\" class=\"alignnone size-medium wp-image-12702\" src=\"http:\/\/blogdorogeriogomes.com.br\/wp-content\/uploads\/2019\/05\/IMG_20190508_164232_483-1-300x225.jpg\" alt=\"IMG_20190508_164232_483\" width=\"300\" height=\"225\" srcset=\"https:\/\/blogdorogeriogomes.com.br\/noticias\/wp-content\/uploads\/2019\/05\/IMG_20190508_164232_483-1-300x225.jpg 300w, https:\/\/blogdorogeriogomes.com.br\/noticias\/wp-content\/uploads\/2019\/05\/IMG_20190508_164232_483-1.jpg 450w\" sizes=\"auto, (max-width: 300px) 100vw, 300px\" \/><\/p>\n<p>O decreto assinado pelo presidente Jair Bolsonaro, com direito a &#8220;arminha&#8221; da plat\u00e9ia, e j\u00e1 publicado no Di\u00e1rio Oficial da Uni\u00e3o amplia de forma substancial a quantidade de categorias e pessoas que t\u00eam direito a porte de armas no Brasil. No meio est\u00e3o pol\u00edticos, advogados que atuam na poder p\u00fablico, como procuradores e defensores, motoristas de ve\u00edculos de carga, propriet\u00e1rios rurais, jornalistas, conselheiros tutelares, agentes socioeducativos, entre outros.<br \/>\nO ministro da Justi\u00e7a, S\u00e9rgio Moro, admitiu que o decreto de Jair Bolsonaro que liberou o porte de armas a mais de um milh\u00e3o de pessoas nada tem a ver com seguran\u00e7a p\u00fablica e que \u00e9 pagamento de uma d\u00edvida pol\u00edtico-eleitoral \u00e0 base bolsonarista: &#8220;N\u00e3o tem a ver com a seguran\u00e7a p\u00fablica. Foi uma decis\u00e3o tomada pelo presidente em atendimento ao resultado das elei\u00e7\u00f5es&#8221;.<br \/>\nMoro fez a afirma\u00e7\u00e3o na Comiss\u00e3o de Seguran\u00e7a P\u00fablica e Combate ao Crime Organizado da C\u00e2mara dos Deputados que se reuniu pra debater seu &#8220;pacote anticrime&#8221;.<\/p>\n","protected":false},"excerpt":{"rendered":"<p>O decreto assinado pelo presidente Jair Bolsonaro, com direito a &#8220;arminha&#8221; da plat\u00e9ia, e j\u00e1 publicado no Di\u00e1rio Oficial da Uni\u00e3o amplia de forma substancial a quantidade de categorias e pessoas que t\u00eam direito a porte de armas no Brasil. No meio est\u00e3o pol\u00edticos, advogados que atuam na poder p\u00fablico, como procuradores e defensores, motoristas de ve\u00edculos de carga, propriet\u00e1rios rurais, jornalistas, conselheiros tutelares, agentes socioeducativos, entre outros. O ministro da Justi\u00e7a, S\u00e9rgio Moro, admitiu que o decreto de&hellip;<\/p>\n","protected":false},"author":1,"featured_media":0,"comment_status":"open","ping_status":"open","sticky":false,"template":"","format":"standard","meta":{"footnotes":""},"categories":[1],"tags":[],"class_list":["post-12701","post","type-post","status-publish","format-standard","hentry","category-noticias"],"_links":{"self":[{"href":"https:\/\/blogdorogeriogomes.com.br\/noticias\/wp-json\/wp\/v2\/posts\/12701","targetHints":{"allow":["GET"]}}],"collection":[{"href":"https:\/\/blogdorogeriogomes.com.br\/noticias\/wp-json\/wp\/v2\/posts"}],"about":[{"href":"https:\/\/blogdorogeriogomes.com.br\/noticias\/wp-json\/wp\/v2\/types\/post"}],"author":[{"embeddable":true,"href":"https:\/\/blogdorogeriogomes.com.br\/noticias\/wp-json\/wp\/v2\/users\/1"}],"replies":[{"embeddable":true,"href":"https:\/\/blogdorogeriogomes.com.br\/noticias\/wp-json\/wp\/v2\/comments?post=12701"}],"version-history":[{"count":1,"href":"https:\/\/blogdorogeriogomes.com.br\/noticias\/wp-json\/wp\/v2\/posts\/12701\/revisions"}],"predecessor-version":[{"id":12703,"href":"https:\/\/blogdorogeriogomes.com.br\/noticias\/wp-json\/wp\/v2\/posts\/12701\/revisions\/12703"}],"wp:attachment":[{"href":"https:\/\/blogdorogeriogomes.com.br\/noticias\/wp-json\/wp\/v2\/media?parent=12701"}],"wp:term":[{"taxonomy":"category","embeddable":true,"href":"https:\/\/blogdorogeriogomes.com.br\/noticias\/wp-json\/wp\/v2\/categories?post=12701"},{"taxonomy":"post_tag","embeddable":true,"href":"https:\/\/blogdorogeriogomes.com.br\/noticias\/wp-json\/wp\/v2\/tags?post=12701"}],"curies":[{"name":"wp","href":"https:\/\/api.w.org\/{rel}","templated":true}]}}