{"id":12708,"date":"2019-05-09T09:49:05","date_gmt":"2019-05-09T09:49:05","guid":{"rendered":"http:\/\/blogdorogeriogomes.com.br\/?p=12708"},"modified":"2019-05-09T09:49:05","modified_gmt":"2019-05-09T09:49:05","slug":"justica-determina-retorno-de-temer-e-coronel-lima-para-a-prisao","status":"publish","type":"post","link":"https:\/\/blogdorogeriogomes.com.br\/noticias\/2019\/05\/justica-determina-retorno-de-temer-e-coronel-lima-para-a-prisao\/","title":{"rendered":"Justi\u00e7a determina retorno de Temer e Coronel Lima para a pris\u00e3o"},"content":{"rendered":"<p><img loading=\"lazy\" decoding=\"async\" class=\"alignnone size-medium wp-image-12709\" src=\"http:\/\/blogdorogeriogomes.com.br\/wp-content\/uploads\/2019\/05\/IMG_20190509_064540_018-300x182.jpg\" alt=\"IMG_20190509_064540_018\" width=\"300\" height=\"182\" srcset=\"https:\/\/blogdorogeriogomes.com.br\/noticias\/wp-content\/uploads\/2019\/05\/IMG_20190509_064540_018-300x182.jpg 300w, https:\/\/blogdorogeriogomes.com.br\/noticias\/wp-content\/uploads\/2019\/05\/IMG_20190509_064540_018.jpg 640w\" sizes=\"auto, (max-width: 300px) 100vw, 300px\" \/><\/p>\n<p>Por essa o ex-presidente Michel Temer n\u00e3o esperava. O Tribunal Regional Federal da 2\u00aa Regi\u00e3o (TRF-2) determinou o retorno do ex-presidente e do coronel Jo\u00e3o Baptista Lima Filho, apontado como operador financeiro de Temer, para a pris\u00e3o. O ex-ministro Moreira Franco, acusado de participa\u00e7\u00e3o no esquema, n\u00e3o teve o habeas corpus revogado. Continua em liberdade.<br \/>\nMichel Temer foi preso preventivamente no dia 21 de mar\u00e7o, acusado de chefiar uma organiza\u00e7\u00e3o criminosa que recebeu R$ 1 milh\u00e3o em propina sobre o contrato de constru\u00e7\u00e3o da usina nuclear de Angra 3. Ele conseguiu um habeas corpus, que agora foi derrubado pelo TRF-2.<br \/>\nO Minist\u00e9rio P\u00fablico Federal afirmou que chega a R$ 1,8 bilh\u00e3o o montante de propinas solicitadas, pagas ou desviadas pelo grupo de Temer. Segundo a Procuradoria, a organiza\u00e7\u00e3o age h\u00e1 40 anos obtendo vantagens indevidas sobre contratos p\u00fablicos. Temer nega todas as acusa\u00e7\u00f5es.<\/p>\n","protected":false},"excerpt":{"rendered":"<p>Por essa o ex-presidente Michel Temer n\u00e3o esperava. O Tribunal Regional Federal da 2\u00aa Regi\u00e3o (TRF-2) determinou o retorno do ex-presidente e do coronel Jo\u00e3o Baptista Lima Filho, apontado como operador financeiro de Temer, para a pris\u00e3o. O ex-ministro Moreira Franco, acusado de participa\u00e7\u00e3o no esquema, n\u00e3o teve o habeas corpus revogado. Continua em liberdade. Michel Temer foi preso preventivamente no dia 21 de mar\u00e7o, acusado de chefiar uma organiza\u00e7\u00e3o criminosa que recebeu R$ 1 milh\u00e3o em propina sobre&hellip;<\/p>\n","protected":false},"author":1,"featured_media":0,"comment_status":"open","ping_status":"open","sticky":false,"template":"","format":"standard","meta":{"footnotes":""},"categories":[1],"tags":[],"class_list":["post-12708","post","type-post","status-publish","format-standard","hentry","category-noticias"],"_links":{"self":[{"href":"https:\/\/blogdorogeriogomes.com.br\/noticias\/wp-json\/wp\/v2\/posts\/12708","targetHints":{"allow":["GET"]}}],"collection":[{"href":"https:\/\/blogdorogeriogomes.com.br\/noticias\/wp-json\/wp\/v2\/posts"}],"about":[{"href":"https:\/\/blogdorogeriogomes.com.br\/noticias\/wp-json\/wp\/v2\/types\/post"}],"author":[{"embeddable":true,"href":"https:\/\/blogdorogeriogomes.com.br\/noticias\/wp-json\/wp\/v2\/users\/1"}],"replies":[{"embeddable":true,"href":"https:\/\/blogdorogeriogomes.com.br\/noticias\/wp-json\/wp\/v2\/comments?post=12708"}],"version-history":[{"count":1,"href":"https:\/\/blogdorogeriogomes.com.br\/noticias\/wp-json\/wp\/v2\/posts\/12708\/revisions"}],"predecessor-version":[{"id":12710,"href":"https:\/\/blogdorogeriogomes.com.br\/noticias\/wp-json\/wp\/v2\/posts\/12708\/revisions\/12710"}],"wp:attachment":[{"href":"https:\/\/blogdorogeriogomes.com.br\/noticias\/wp-json\/wp\/v2\/media?parent=12708"}],"wp:term":[{"taxonomy":"category","embeddable":true,"href":"https:\/\/blogdorogeriogomes.com.br\/noticias\/wp-json\/wp\/v2\/categories?post=12708"},{"taxonomy":"post_tag","embeddable":true,"href":"https:\/\/blogdorogeriogomes.com.br\/noticias\/wp-json\/wp\/v2\/tags?post=12708"}],"curies":[{"name":"wp","href":"https:\/\/api.w.org\/{rel}","templated":true}]}}