{"id":12711,"date":"2019-05-09T10:09:20","date_gmt":"2019-05-09T10:09:20","guid":{"rendered":"http:\/\/blogdorogeriogomes.com.br\/?p=12711"},"modified":"2019-05-09T10:09:20","modified_gmt":"2019-05-09T10:09:20","slug":"cortes-no-orcamento-ameacam-fechamento-de-agencias-do-sine-no-interior","status":"publish","type":"post","link":"https:\/\/blogdorogeriogomes.com.br\/noticias\/2019\/05\/cortes-no-orcamento-ameacam-fechamento-de-agencias-do-sine-no-interior\/","title":{"rendered":"Cortes no or\u00e7amento amea\u00e7am fechamento de ag\u00eancias do SINE no interior"},"content":{"rendered":"<p><img loading=\"lazy\" decoding=\"async\" class=\"alignnone size-medium wp-image-12712\" src=\"http:\/\/blogdorogeriogomes.com.br\/wp-content\/uploads\/2019\/05\/IMG_20190509_070441_362-300x202.jpg\" alt=\"IMG_20190509_070441_362\" width=\"300\" height=\"202\" srcset=\"https:\/\/blogdorogeriogomes.com.br\/noticias\/wp-content\/uploads\/2019\/05\/IMG_20190509_070441_362-300x202.jpg 300w, https:\/\/blogdorogeriogomes.com.br\/noticias\/wp-content\/uploads\/2019\/05\/IMG_20190509_070441_362.jpg 672w\" sizes=\"auto, (max-width: 300px) 100vw, 300px\" \/><\/p>\n<p>Os cortes no or\u00e7amento do Estado devem trazer preju\u00edzos ao Sine no Cear\u00e1. O \u00f3rg\u00e3o, que atua na intermedia\u00e7\u00e3o do trabalhador com a empresa na busca de emprego, corre o risco de ter que fechar 14 ag\u00eancias no interior. A consequ\u00eancia pode ser a demiss\u00e3o de 80 funcion\u00e1rios dos 285 do quadro t\u00e9cnico.<br \/>\nDe acordo com o presidente da Organiza\u00e7\u00e3o por Local de Trabalho do IDT, Isa\u00edas Nogueira Lima, as medidas est\u00e3o previstas por conta do corte de 10% para o or\u00e7amento deste ano. Os empregados do Sine est\u00e3o com os sal\u00e1rios atrasados h\u00e1 mais de 90 dias devido ao atraso na renova\u00e7\u00e3o do contrato. Ao longo dos \u00faltimos cinco anos, j\u00e1 v\u00eam sendo feitos cortes, principalmente do pessoal terceirizado.<br \/>\nO Minist\u00e9rio P\u00fablico do Trabalho pontua que a solu\u00e7\u00e3o dos atrasos est\u00e1 encaminhada. A Secretaria de Desenvolvimento Econ\u00f4mico e Trabalho (Sedet) deve estar repassando o pagamento dos \u00faltimos quatro meses para o IDT que, por sua vez, deve pagar os empregados at\u00e9 segunda-feira, dia 13 de maio.<\/p>\n","protected":false},"excerpt":{"rendered":"<p>Os cortes no or\u00e7amento do Estado devem trazer preju\u00edzos ao Sine no Cear\u00e1. O \u00f3rg\u00e3o, que atua na intermedia\u00e7\u00e3o do trabalhador com a empresa na busca de emprego, corre o risco de ter que fechar 14 ag\u00eancias no interior. A consequ\u00eancia pode ser a demiss\u00e3o de 80 funcion\u00e1rios dos 285 do quadro t\u00e9cnico. De acordo com o presidente da Organiza\u00e7\u00e3o por Local de Trabalho do IDT, Isa\u00edas Nogueira Lima, as medidas est\u00e3o previstas por conta do corte de 10%&hellip;<\/p>\n","protected":false},"author":1,"featured_media":0,"comment_status":"open","ping_status":"open","sticky":false,"template":"","format":"standard","meta":{"footnotes":""},"categories":[1],"tags":[],"class_list":["post-12711","post","type-post","status-publish","format-standard","hentry","category-noticias"],"_links":{"self":[{"href":"https:\/\/blogdorogeriogomes.com.br\/noticias\/wp-json\/wp\/v2\/posts\/12711","targetHints":{"allow":["GET"]}}],"collection":[{"href":"https:\/\/blogdorogeriogomes.com.br\/noticias\/wp-json\/wp\/v2\/posts"}],"about":[{"href":"https:\/\/blogdorogeriogomes.com.br\/noticias\/wp-json\/wp\/v2\/types\/post"}],"author":[{"embeddable":true,"href":"https:\/\/blogdorogeriogomes.com.br\/noticias\/wp-json\/wp\/v2\/users\/1"}],"replies":[{"embeddable":true,"href":"https:\/\/blogdorogeriogomes.com.br\/noticias\/wp-json\/wp\/v2\/comments?post=12711"}],"version-history":[{"count":1,"href":"https:\/\/blogdorogeriogomes.com.br\/noticias\/wp-json\/wp\/v2\/posts\/12711\/revisions"}],"predecessor-version":[{"id":12713,"href":"https:\/\/blogdorogeriogomes.com.br\/noticias\/wp-json\/wp\/v2\/posts\/12711\/revisions\/12713"}],"wp:attachment":[{"href":"https:\/\/blogdorogeriogomes.com.br\/noticias\/wp-json\/wp\/v2\/media?parent=12711"}],"wp:term":[{"taxonomy":"category","embeddable":true,"href":"https:\/\/blogdorogeriogomes.com.br\/noticias\/wp-json\/wp\/v2\/categories?post=12711"},{"taxonomy":"post_tag","embeddable":true,"href":"https:\/\/blogdorogeriogomes.com.br\/noticias\/wp-json\/wp\/v2\/tags?post=12711"}],"curies":[{"name":"wp","href":"https:\/\/api.w.org\/{rel}","templated":true}]}}