{"id":12714,"date":"2019-05-09T15:31:33","date_gmt":"2019-05-09T15:31:33","guid":{"rendered":"http:\/\/blogdorogeriogomes.com.br\/?p=12714"},"modified":"2019-05-09T15:31:33","modified_gmt":"2019-05-09T15:31:33","slug":"moro-perde-o-controle-do-coaf-que-sera-transferido-para-o-ministerio-da-economia","status":"publish","type":"post","link":"https:\/\/blogdorogeriogomes.com.br\/noticias\/2019\/05\/moro-perde-o-controle-do-coaf-que-sera-transferido-para-o-ministerio-da-economia\/","title":{"rendered":"Moro perde o controle do Coaf, que ser\u00e1 transferido para o Minist\u00e9rio da Economia"},"content":{"rendered":"<p><img loading=\"lazy\" decoding=\"async\" class=\"alignnone size-medium wp-image-12715\" src=\"http:\/\/blogdorogeriogomes.com.br\/wp-content\/uploads\/2019\/05\/IMG_20190509_122739_933-300x237.jpg\" alt=\"IMG_20190509_122739_933\" width=\"300\" height=\"237\" srcset=\"https:\/\/blogdorogeriogomes.com.br\/noticias\/wp-content\/uploads\/2019\/05\/IMG_20190509_122739_933-300x237.jpg 300w, https:\/\/blogdorogeriogomes.com.br\/noticias\/wp-content\/uploads\/2019\/05\/IMG_20190509_122739_933.jpg 525w\" sizes=\"auto, (max-width: 300px) 100vw, 300px\" \/><\/p>\n<p>O ministro da Justi\u00e7a, S\u00e9rgio Moro, sofreu nova derrota na &#8220;queda de bra\u00e7o&#8221; entre os integrantes do Governo Bolsonaro. A comiss\u00e3o do Congresso Nacional que analisa a medida provis\u00f3ria da reforma administrativa decidiu nesta quinta-feira, dia 9 de maio, tirar o Coaf (Conselho de Controle de Atividades Financeiras) da pasta da Justi\u00e7a, transferindo-a para o Minist\u00e9rio da Economia.<br \/>\nApesar do\u00a0discurso do Governo Federal de que a perman\u00eancia do \u00f3rg\u00e3o na Justi\u00e7a\u00a0era fundamental para o combate \u00e0 corrup\u00e7\u00e3o, venceu a press\u00e3o de integrantes do\u00a0centr\u00e3o\u00a0e da\u00a0oposi\u00e7\u00e3o,\u00a0em uma\u00a0nova derrota\u00a0que\u00a0exp\u00f5e a\u00a0fragilidade da base aliada no Congresso.<\/p>\n","protected":false},"excerpt":{"rendered":"<p>O ministro da Justi\u00e7a, S\u00e9rgio Moro, sofreu nova derrota na &#8220;queda de bra\u00e7o&#8221; entre os integrantes do Governo Bolsonaro. A comiss\u00e3o do Congresso Nacional que analisa a medida provis\u00f3ria da reforma administrativa decidiu nesta quinta-feira, dia 9 de maio, tirar o Coaf (Conselho de Controle de Atividades Financeiras) da pasta da Justi\u00e7a, transferindo-a para o Minist\u00e9rio da Economia. Apesar do\u00a0discurso do Governo Federal de que a perman\u00eancia do \u00f3rg\u00e3o na Justi\u00e7a\u00a0era fundamental para o combate \u00e0 corrup\u00e7\u00e3o, venceu a&hellip;<\/p>\n","protected":false},"author":1,"featured_media":0,"comment_status":"open","ping_status":"open","sticky":false,"template":"","format":"standard","meta":{"footnotes":""},"categories":[1],"tags":[],"class_list":["post-12714","post","type-post","status-publish","format-standard","hentry","category-noticias"],"_links":{"self":[{"href":"https:\/\/blogdorogeriogomes.com.br\/noticias\/wp-json\/wp\/v2\/posts\/12714","targetHints":{"allow":["GET"]}}],"collection":[{"href":"https:\/\/blogdorogeriogomes.com.br\/noticias\/wp-json\/wp\/v2\/posts"}],"about":[{"href":"https:\/\/blogdorogeriogomes.com.br\/noticias\/wp-json\/wp\/v2\/types\/post"}],"author":[{"embeddable":true,"href":"https:\/\/blogdorogeriogomes.com.br\/noticias\/wp-json\/wp\/v2\/users\/1"}],"replies":[{"embeddable":true,"href":"https:\/\/blogdorogeriogomes.com.br\/noticias\/wp-json\/wp\/v2\/comments?post=12714"}],"version-history":[{"count":1,"href":"https:\/\/blogdorogeriogomes.com.br\/noticias\/wp-json\/wp\/v2\/posts\/12714\/revisions"}],"predecessor-version":[{"id":12716,"href":"https:\/\/blogdorogeriogomes.com.br\/noticias\/wp-json\/wp\/v2\/posts\/12714\/revisions\/12716"}],"wp:attachment":[{"href":"https:\/\/blogdorogeriogomes.com.br\/noticias\/wp-json\/wp\/v2\/media?parent=12714"}],"wp:term":[{"taxonomy":"category","embeddable":true,"href":"https:\/\/blogdorogeriogomes.com.br\/noticias\/wp-json\/wp\/v2\/categories?post=12714"},{"taxonomy":"post_tag","embeddable":true,"href":"https:\/\/blogdorogeriogomes.com.br\/noticias\/wp-json\/wp\/v2\/tags?post=12714"}],"curies":[{"name":"wp","href":"https:\/\/api.w.org\/{rel}","templated":true}]}}