{"id":12717,"date":"2019-05-09T22:21:58","date_gmt":"2019-05-09T22:21:58","guid":{"rendered":"http:\/\/blogdorogeriogomes.com.br\/?p=12717"},"modified":"2019-05-09T22:21:58","modified_gmt":"2019-05-09T22:21:58","slug":"al-aprova-projeto-que-regulamenta-a-venda-de-bebidas-alcoolicas-nos-estadios-cearenses","status":"publish","type":"post","link":"https:\/\/blogdorogeriogomes.com.br\/noticias\/2019\/05\/al-aprova-projeto-que-regulamenta-a-venda-de-bebidas-alcoolicas-nos-estadios-cearenses\/","title":{"rendered":"AL aprova projeto que regulamenta a venda de bebidas alco\u00f3licas nos est\u00e1dios cearenses"},"content":{"rendered":"<p><img loading=\"lazy\" decoding=\"async\" class=\"alignnone size-medium wp-image-12718\" src=\"http:\/\/blogdorogeriogomes.com.br\/wp-content\/uploads\/2019\/05\/IMG_20190509_191518_070-300x226.jpg\" alt=\"IMG_20190509_191518_070\" width=\"300\" height=\"226\" srcset=\"https:\/\/blogdorogeriogomes.com.br\/noticias\/wp-content\/uploads\/2019\/05\/IMG_20190509_191518_070-300x226.jpg 300w, https:\/\/blogdorogeriogomes.com.br\/noticias\/wp-content\/uploads\/2019\/05\/IMG_20190509_191518_070-768x577.jpg 768w, https:\/\/blogdorogeriogomes.com.br\/noticias\/wp-content\/uploads\/2019\/05\/IMG_20190509_191518_070-1024x770.jpg 1024w\" sizes=\"auto, (max-width: 300px) 100vw, 300px\" \/><\/p>\n<p>Deputados estaduais cearenses aprovaram<span style=\"font-size: 0.8rem;\">\u00a0o projeto do deputado estadual Evandro Leit\u00e3o (PDT) que regulamenta a venda de bebidas alco\u00f3licas nos est\u00e1dios do Cear\u00e1, nesta quinta-feira, dia 9 de maio. Os debates duraram mais de sete horas. A vota\u00e7\u00e3o s\u00f3 aconteceu no in\u00edcio da noite.\u00a0<\/span><\/p>\n<p>Depois de muito acirramento entre deputados contr\u00e1rios, 37 parlamentares votaram. 23 a favor e 14 contra. Agora, a mat\u00e9ria que regulamenta a venda de bebidas alco\u00f3licas nos est\u00e1dios do Cear\u00e1 segue para san\u00e7\u00e3o do governador Camilo Santana.<\/p>\n","protected":false},"excerpt":{"rendered":"<p>Deputados estaduais cearenses aprovaram\u00a0o projeto do deputado estadual Evandro Leit\u00e3o (PDT) que regulamenta a venda de bebidas alco\u00f3licas nos est\u00e1dios do Cear\u00e1, nesta quinta-feira, dia 9 de maio. Os debates duraram mais de sete horas. A vota\u00e7\u00e3o s\u00f3 aconteceu no in\u00edcio da noite.\u00a0 Depois de muito acirramento entre deputados contr\u00e1rios, 37 parlamentares votaram. 23 a favor e 14 contra. Agora, a mat\u00e9ria que regulamenta a venda de bebidas alco\u00f3licas nos est\u00e1dios do Cear\u00e1 segue para san\u00e7\u00e3o do governador Camilo&hellip;<\/p>\n","protected":false},"author":1,"featured_media":0,"comment_status":"open","ping_status":"open","sticky":false,"template":"","format":"standard","meta":{"footnotes":""},"categories":[1],"tags":[],"class_list":["post-12717","post","type-post","status-publish","format-standard","hentry","category-noticias"],"_links":{"self":[{"href":"https:\/\/blogdorogeriogomes.com.br\/noticias\/wp-json\/wp\/v2\/posts\/12717","targetHints":{"allow":["GET"]}}],"collection":[{"href":"https:\/\/blogdorogeriogomes.com.br\/noticias\/wp-json\/wp\/v2\/posts"}],"about":[{"href":"https:\/\/blogdorogeriogomes.com.br\/noticias\/wp-json\/wp\/v2\/types\/post"}],"author":[{"embeddable":true,"href":"https:\/\/blogdorogeriogomes.com.br\/noticias\/wp-json\/wp\/v2\/users\/1"}],"replies":[{"embeddable":true,"href":"https:\/\/blogdorogeriogomes.com.br\/noticias\/wp-json\/wp\/v2\/comments?post=12717"}],"version-history":[{"count":1,"href":"https:\/\/blogdorogeriogomes.com.br\/noticias\/wp-json\/wp\/v2\/posts\/12717\/revisions"}],"predecessor-version":[{"id":12719,"href":"https:\/\/blogdorogeriogomes.com.br\/noticias\/wp-json\/wp\/v2\/posts\/12717\/revisions\/12719"}],"wp:attachment":[{"href":"https:\/\/blogdorogeriogomes.com.br\/noticias\/wp-json\/wp\/v2\/media?parent=12717"}],"wp:term":[{"taxonomy":"category","embeddable":true,"href":"https:\/\/blogdorogeriogomes.com.br\/noticias\/wp-json\/wp\/v2\/categories?post=12717"},{"taxonomy":"post_tag","embeddable":true,"href":"https:\/\/blogdorogeriogomes.com.br\/noticias\/wp-json\/wp\/v2\/tags?post=12717"}],"curies":[{"name":"wp","href":"https:\/\/api.w.org\/{rel}","templated":true}]}}