{"id":12720,"date":"2019-05-10T08:42:21","date_gmt":"2019-05-10T08:42:21","guid":{"rendered":"http:\/\/blogdorogeriogomes.com.br\/?p=12720"},"modified":"2019-05-10T08:42:21","modified_gmt":"2019-05-10T08:42:21","slug":"cortes-federais-na-ufc-tambem-atingem-as-bolsas-de-pesquisa-no-mestrado-e-doutorado","status":"publish","type":"post","link":"https:\/\/blogdorogeriogomes.com.br\/noticias\/2019\/05\/cortes-federais-na-ufc-tambem-atingem-as-bolsas-de-pesquisa-no-mestrado-e-doutorado\/","title":{"rendered":"Cortes federais na UFC tamb\u00e9m atingem as bolsas de pesquisa no mestrado e doutorado"},"content":{"rendered":"<p><img loading=\"lazy\" decoding=\"async\" class=\"alignnone size-medium wp-image-12721\" src=\"http:\/\/blogdorogeriogomes.com.br\/wp-content\/uploads\/2019\/05\/IMG_20190510_053902_343-300x216.jpg\" alt=\"IMG_20190510_053902_343\" width=\"300\" height=\"216\" srcset=\"https:\/\/blogdorogeriogomes.com.br\/noticias\/wp-content\/uploads\/2019\/05\/IMG_20190510_053902_343-300x216.jpg 300w, https:\/\/blogdorogeriogomes.com.br\/noticias\/wp-content\/uploads\/2019\/05\/IMG_20190510_053902_343.jpg 628w\" sizes=\"auto, (max-width: 300px) 100vw, 300px\" \/><\/p>\n<p>Al\u00e9m dos cortes de verbas no custeio das universidades, o Minist\u00e9rio da Educa\u00e7\u00e3o fez um verdadeiro ataque no financiamento de pesquisa para quem est\u00e1 fazendo mestrado ou doutorado no Pa\u00eds. Na Universidade Federal do Cear\u00e1, por exemplo, o corte nos recursos promovido pelo Governo Federal atingiu cerca de 53 bolsas de pesquisa de mestrado, doutorado e p\u00f3s-doutorado da Coordena\u00e7\u00e3o de Aperfei\u00e7oamento de Pessoal de N\u00edvel Superior (CAPES), funda\u00e7\u00e3o subordinada ao MEC.<br \/>\nDe acordo com a UFC, o contingenciamento feito pelo Governo no custeio foi de cerca de R$ 46 milh\u00f5es. O mais grave \u00e9 que os cortes anunciados pelo Governo s\u00e3o considerados aleat\u00f3rios e n\u00e3o obedecem qualquer tipo de crit\u00e9rio.<\/p>\n","protected":false},"excerpt":{"rendered":"<p>Al\u00e9m dos cortes de verbas no custeio das universidades, o Minist\u00e9rio da Educa\u00e7\u00e3o fez um verdadeiro ataque no financiamento de pesquisa para quem est\u00e1 fazendo mestrado ou doutorado no Pa\u00eds. Na Universidade Federal do Cear\u00e1, por exemplo, o corte nos recursos promovido pelo Governo Federal atingiu cerca de 53 bolsas de pesquisa de mestrado, doutorado e p\u00f3s-doutorado da Coordena\u00e7\u00e3o de Aperfei\u00e7oamento de Pessoal de N\u00edvel Superior (CAPES), funda\u00e7\u00e3o subordinada ao MEC. De acordo com a UFC, o contingenciamento feito&hellip;<\/p>\n","protected":false},"author":1,"featured_media":0,"comment_status":"open","ping_status":"open","sticky":false,"template":"","format":"standard","meta":{"footnotes":""},"categories":[1],"tags":[],"class_list":["post-12720","post","type-post","status-publish","format-standard","hentry","category-noticias"],"_links":{"self":[{"href":"https:\/\/blogdorogeriogomes.com.br\/noticias\/wp-json\/wp\/v2\/posts\/12720","targetHints":{"allow":["GET"]}}],"collection":[{"href":"https:\/\/blogdorogeriogomes.com.br\/noticias\/wp-json\/wp\/v2\/posts"}],"about":[{"href":"https:\/\/blogdorogeriogomes.com.br\/noticias\/wp-json\/wp\/v2\/types\/post"}],"author":[{"embeddable":true,"href":"https:\/\/blogdorogeriogomes.com.br\/noticias\/wp-json\/wp\/v2\/users\/1"}],"replies":[{"embeddable":true,"href":"https:\/\/blogdorogeriogomes.com.br\/noticias\/wp-json\/wp\/v2\/comments?post=12720"}],"version-history":[{"count":1,"href":"https:\/\/blogdorogeriogomes.com.br\/noticias\/wp-json\/wp\/v2\/posts\/12720\/revisions"}],"predecessor-version":[{"id":12722,"href":"https:\/\/blogdorogeriogomes.com.br\/noticias\/wp-json\/wp\/v2\/posts\/12720\/revisions\/12722"}],"wp:attachment":[{"href":"https:\/\/blogdorogeriogomes.com.br\/noticias\/wp-json\/wp\/v2\/media?parent=12720"}],"wp:term":[{"taxonomy":"category","embeddable":true,"href":"https:\/\/blogdorogeriogomes.com.br\/noticias\/wp-json\/wp\/v2\/categories?post=12720"},{"taxonomy":"post_tag","embeddable":true,"href":"https:\/\/blogdorogeriogomes.com.br\/noticias\/wp-json\/wp\/v2\/tags?post=12720"}],"curies":[{"name":"wp","href":"https:\/\/api.w.org\/{rel}","templated":true}]}}